{"id":42796,"date":"2023-07-13T12:05:11","date_gmt":"2023-07-13T18:05:11","guid":{"rendered":"https:\/\/encuentroinformativo.com.mx\/?p=42796"},"modified":"2023-07-13T12:05:15","modified_gmt":"2023-07-13T18:05:15","slug":"realizaran-jornada-medica-de-pruebas-rapidas","status":"publish","type":"post","link":"https:\/\/encuentroinformativo.com.mx\/?p=42796","title":{"rendered":"Realizar\u00e1n jornada m\u00e9dica de pruebas r\u00e1pidas"},"content":{"rendered":"\n<p><strong>Alejandro \u00c1vila<\/strong><\/p>\n\n\n\n<p>Veracruz, Ver.- El pr\u00f3ximo s\u00e1bado 15 de julio se realizar\u00e1 el &#8220;Pruebat\u00f3n&#8221;, una jornada m\u00e9dica de pruebas r\u00e1pidas y gratuitas de VIH, inform\u00f3 la regidora, Belem Palmeros Exsome.<\/p>\n\n\n\n<p>Este evento se llevar\u00e1 a cabo en la avenida Salvador D\u00edaz Mir\u00f3n entre Ca\u00f1onero Tampico y Abasolo; en horario de tres de la tarde a 7:30 pm.<\/p>\n\n\n\n<p>&#8220;Ah\u00ed vamos a estar dando pruebas r\u00e1pidas totalmente gratuitas para toda la ciudadan\u00eda. Hombres, mujeres que quieran hacerse la prueba de una manera gratuita, lo haremos directamente con la sociedad civil organizada, hay varias asociaciones que lo estamos haciendo de la mano, del Ayuntamiento de Veracruz participamos una servidora con la comisi\u00f3n de Salud, as\u00ed como tambi\u00e9n participa el DIF Municipal, el \u00e1rea m\u00e9dica. Hay otras asociaciones civiles ah\u00ed sumadas y vamos a estar ah\u00ed este s\u00e1bado, para que por favor nos acompa\u00f1en&#8221;, agreg\u00f3 la edil.<\/p>\n\n\n\n<p>Seg\u00fan el reporte de la Secretar\u00eda de Salud Federal, Veracruz con 9.3 por ciento, se encuentra en el tercer lugar con el mayor n\u00famero de casos detectados de VIH con 33 030; siendo de estos, 24 845 hombres y 8 185 mujeres.<\/p>\n\n\n\n<p>Solo delante de la entidad veracruzana se encuentran Ciudad de M\u00e9xico con el 13.4 por ciento, es decir 47 812 casos detectados; y el Estado de M\u00e9xico con 10.1 por ciento, es decir, 36 033 casos.<\/p>\n","protected":false},"excerpt":{"rendered":"<p>Alejandro \u00c1vila Veracruz, Ver.- El pr\u00f3ximo s\u00e1bado 15 de julio se realizar\u00e1 el &#8220;Pruebat\u00f3n&#8221;, una jornada m\u00e9dica de pruebas r\u00e1pidas y gratuitas de VIH, inform\u00f3 la regidora, Belem Palmeros Exsome. Este evento se llevar\u00e1 a cabo en la avenida Salvador D\u00edaz Mir\u00f3n entre Ca\u00f1onero Tampico y Abasolo; en horario de tres de la tarde a [&hellip;]<\/p>\n","protected":false},"author":2476,"featured_media":42797,"comment_status":"open","ping_status":"open","sticky":false,"template":"","format":"standard","meta":{"_jetpack_memberships_contains_paid_content":false,"footnotes":""},"categories":[9],"tags":[],"class_list":["post-42796","post","type-post","status-publish","format-standard","has-post-thumbnail","hentry","category-salud"],"jetpack_featured_media_url":"https:\/\/encuentroinformativo.com.mx\/wp-content\/uploads\/2023\/07\/IMG-20230713-WA00362.jpg","jetpack_sharing_enabled":true,"jetpack_likes_enabled":true,"amp_enabled":true,"_links":{"self":[{"href":"https:\/\/encuentroinformativo.com.mx\/index.php?rest_route=\/wp\/v2\/posts\/42796","targetHints":{"allow":["GET"]}}],"collection":[{"href":"https:\/\/encuentroinformativo.com.mx\/index.php?rest_route=\/wp\/v2\/posts"}],"about":[{"href":"https:\/\/encuentroinformativo.com.mx\/index.php?rest_route=\/wp\/v2\/types\/post"}],"author":[{"embeddable":true,"href":"https:\/\/encuentroinformativo.com.mx\/index.php?rest_route=\/wp\/v2\/users\/2476"}],"replies":[{"embeddable":true,"href":"https:\/\/encuentroinformativo.com.mx\/index.php?rest_route=%2Fwp%2Fv2%2Fcomments&post=42796"}],"version-history":[{"count":1,"href":"https:\/\/encuentroinformativo.com.mx\/index.php?rest_route=\/wp\/v2\/posts\/42796\/revisions"}],"predecessor-version":[{"id":42798,"href":"https:\/\/encuentroinformativo.com.mx\/index.php?rest_route=\/wp\/v2\/posts\/42796\/revisions\/42798"}],"wp:featuredmedia":[{"embeddable":true,"href":"https:\/\/encuentroinformativo.com.mx\/index.php?rest_route=\/wp\/v2\/media\/42797"}],"wp:attachment":[{"href":"https:\/\/encuentroinformativo.com.mx\/index.php?rest_route=%2Fwp%2Fv2%2Fmedia&parent=42796"}],"wp:term":[{"taxonomy":"category","embeddable":true,"href":"https:\/\/encuentroinformativo.com.mx\/index.php?rest_route=%2Fwp%2Fv2%2Fcategories&post=42796"},{"taxonomy":"post_tag","embeddable":true,"href":"https:\/\/encuentroinformativo.com.mx\/index.php?rest_route=%2Fwp%2Fv2%2Ftags&post=42796"}],"curies":[{"name":"wp","href":"https:\/\/api.w.org\/{rel}","templated":true}]}}