{"id":42799,"date":"2023-07-13T12:08:36","date_gmt":"2023-07-13T18:08:36","guid":{"rendered":"https:\/\/encuentroinformativo.com.mx\/?p=42799"},"modified":"2023-07-13T12:08:39","modified_gmt":"2023-07-13T18:08:39","slug":"solicitan-videovigilancia-en-escuelas-del-puerto","status":"publish","type":"post","link":"https:\/\/encuentroinformativo.com.mx\/?p=42799","title":{"rendered":"Solicitan videovigilancia en escuelas del puerto"},"content":{"rendered":"\n<p><strong>Alejandro \u00c1vila<\/strong><\/p>\n\n\n\n<p>Veracruz, Ver.- La alcaldesa, Patricia Lobeira Rodr\u00edguez, solicit\u00f3 a la Secretar\u00eda de Educaci\u00f3n de Veracruz (SEV), instalar c\u00e1maras de de videovigilancia que se conecten a un centro policial, para tratar de mitigar el alza de robos en los planteles educativos.<\/p>\n\n\n\n<p>La panista mencion\u00f3 que la seguridad en el municipio de Veracruz est\u00e1 dividida pol\u00edgonos, los \u00faltimos reporte de robo a escuelas han sido en la zona que le corresponde a la Secretar\u00eda de Seguridad P\u00fablica (SSP), y excus\u00f3 a la Polic\u00eda Municipal, ya que dijo lo pueden intervenir en dicha \u00e1rea.<\/p>\n\n\n\n<p>\u201cEl tema de c\u00e1maras se les ha solicitado muchas veces porque tenemos muchos robos a las escuelas bastante seguido, creo que ser\u00eda un exitazo que la Secretar\u00eda de Educaci\u00f3n que tiene los recursos pudiera instalar estas c\u00e1maras en las escuelas (\u2026) ser\u00eda una coordinaci\u00f3n con la Secretar\u00eda de Seguridad P\u00fablica Estatal, con la Polic\u00eda Municipal y con la SEV y estoy segura que podr\u00edamos trabajar de una manera excelente, estas c\u00e1maras ayudar\u00edan a que tengamos un Centro de Control y la Polic\u00eda Municipal hacer sus rondines en las zonas escolares\u201d, indic\u00f3.&nbsp;<\/p>\n\n\n\n<p>La presidenta municipal lament\u00f3 el robo a mano armada en una primaria de la colonia Astilleros hace unos d\u00edas, aunque dijo, esto podr\u00eda dar la pauta para sentarse a dialogar con las autoridades de la SEV y replantear una estrategia de seguridad en las escuelas.&nbsp;<\/p>\n\n\n\n<p>En tanto, resalt\u00f3 que ya se hab\u00eda presentado un operativo especial para reforzar la vigilancia en los planteles educativos durante la temporada vacacional de verano.&nbsp;<\/p>\n\n\n\n<p>\u201cVamos a tener un protocolo de seguridad para las escuelas ahora que salen de vacaciones, ayer fue algo ins\u00f3lito la verdad que nunca se hab\u00eda dado un robo a mano armado con ni\u00f1os en la escuela, me gustar\u00eda pedirle a la Secretar\u00eda de Educaci\u00f3n una coordinaci\u00f3n real, donde podamos tener c\u00e1maras, as\u00ed como tambi\u00e9n la Polic\u00eda Municipal y la Polic\u00eda Estatal, estar muy pendientes, hacer un protocolo para las escuelas para que nuestros ni\u00f1os est\u00e9n seguros\u201d.&nbsp;<\/p>\n","protected":false},"excerpt":{"rendered":"<p>Alejandro \u00c1vila Veracruz, Ver.- La alcaldesa, Patricia Lobeira Rodr\u00edguez, solicit\u00f3 a la Secretar\u00eda de Educaci\u00f3n de Veracruz (SEV), instalar c\u00e1maras de de videovigilancia que se conecten a un centro policial, para tratar de mitigar el alza de robos en los planteles educativos. La panista mencion\u00f3 que la seguridad en el municipio de Veracruz est\u00e1 dividida [&hellip;]<\/p>\n","protected":false},"author":2476,"featured_media":16744,"comment_status":"open","ping_status":"open","sticky":false,"template":"","format":"standard","meta":{"_jetpack_memberships_contains_paid_content":false,"footnotes":""},"categories":[2],"tags":[],"class_list":["post-42799","post","type-post","status-publish","format-standard","has-post-thumbnail","hentry","category-estado"],"jetpack_featured_media_url":"https:\/\/encuentroinformativo.com.mx\/wp-content\/uploads\/2021\/07\/C1AD0CD5-1AD8-4704-A4D9-E289EE1D2012.jpeg","jetpack_sharing_enabled":true,"jetpack_likes_enabled":true,"amp_enabled":true,"_links":{"self":[{"href":"https:\/\/encuentroinformativo.com.mx\/index.php?rest_route=\/wp\/v2\/posts\/42799","targetHints":{"allow":["GET"]}}],"collection":[{"href":"https:\/\/encuentroinformativo.com.mx\/index.php?rest_route=\/wp\/v2\/posts"}],"about":[{"href":"https:\/\/encuentroinformativo.com.mx\/index.php?rest_route=\/wp\/v2\/types\/post"}],"author":[{"embeddable":true,"href":"https:\/\/encuentroinformativo.com.mx\/index.php?rest_route=\/wp\/v2\/users\/2476"}],"replies":[{"embeddable":true,"href":"https:\/\/encuentroinformativo.com.mx\/index.php?rest_route=%2Fwp%2Fv2%2Fcomments&post=42799"}],"version-history":[{"count":1,"href":"https:\/\/encuentroinformativo.com.mx\/index.php?rest_route=\/wp\/v2\/posts\/42799\/revisions"}],"predecessor-version":[{"id":42800,"href":"https:\/\/encuentroinformativo.com.mx\/index.php?rest_route=\/wp\/v2\/posts\/42799\/revisions\/42800"}],"wp:featuredmedia":[{"embeddable":true,"href":"https:\/\/encuentroinformativo.com.mx\/index.php?rest_route=\/wp\/v2\/media\/16744"}],"wp:attachment":[{"href":"https:\/\/encuentroinformativo.com.mx\/index.php?rest_route=%2Fwp%2Fv2%2Fmedia&parent=42799"}],"wp:term":[{"taxonomy":"category","embeddable":true,"href":"https:\/\/encuentroinformativo.com.mx\/index.php?rest_route=%2Fwp%2Fv2%2Fcategories&post=42799"},{"taxonomy":"post_tag","embeddable":true,"href":"https:\/\/encuentroinformativo.com.mx\/index.php?rest_route=%2Fwp%2Fv2%2Ftags&post=42799"}],"curies":[{"name":"wp","href":"https:\/\/api.w.org\/{rel}","templated":true}]}}