{"id":42806,"date":"2023-07-13T12:44:31","date_gmt":"2023-07-13T18:44:31","guid":{"rendered":"https:\/\/encuentroinformativo.com.mx\/?p=42806"},"modified":"2023-07-13T12:44:35","modified_gmt":"2023-07-13T18:44:35","slug":"jueza-angelica-n-debera-seguir-proceso-en-libertad-abogados","status":"publish","type":"post","link":"https:\/\/encuentroinformativo.com.mx\/?p=42806","title":{"rendered":"Jueza Ang\u00e9lica N, deber\u00e1 seguir proceso en libertad: Abogados"},"content":{"rendered":"\n<p><strong>Juan Arcos<\/strong><\/p>\n\n\n\n<p>Xalapa, Ver.- La jueza Ang\u00e9lica S\u00e1nchez Hern\u00e1ndez deber\u00e1 continuar su proceso en libertad por el cambio instruido en las medidas cautelares, revel\u00f3 su abogado Ricardo Aguilar Rodr\u00edguez.<\/p>\n\n\n\n<p>El litigante dio a conocer en breve entrevista que a las 14:30 horas de este jueves 13 de julio se celebrar\u00e1 una audiencia en los juzgados del penal de Pacho Viejo, municipio de Coatepec, donde deber\u00e1 acatarse la resoluci\u00f3n de una autoridad federal.<\/p>\n\n\n\n<p>El mi\u00e9rcoles 12 de julio, un Tribunal Colegiado sesion\u00f3 y dict\u00f3 la suspensi\u00f3n provisional de la prisi\u00f3n preventiva justificada, que le impuesta a Ang\u00e9lica S\u00e1nchez por un juez de control.<\/p>\n\n\n\n<p>&#8220;Por instrucciones de un \u00f3rgano federal, que resolvi\u00f3 modificar la medida cautelar, tenemos que esperar la resoluci\u00f3n que d\u00e9 el juez de control bajo las instrucciones o los par\u00e1metros establecidos por la autoridad federal\u201d.<\/p>\n\n\n\n<p>La jueza fue detenida el pasado 16 de junio en la Ciudad de M\u00e9xico, por segunda ocasi\u00f3n, esta vez se\u00f1alada de delitos contra la fe p\u00fablica y tr\u00e1fico de influencias.<\/p>\n\n\n\n<p>Su abogado indic\u00f3 que tendr\u00eda que variar la medida cautelar o eliminarla, situaci\u00f3n que depender\u00e1 del juez de control que encabeza la audiencia de la tarde de este jueves.<\/p>\n\n\n\n<p>\u201cEs una parte del amparo con relaci\u00f3n a la suspensi\u00f3n del acto reclamado, el amparo en s\u00ed a\u00fan no se resuelve en definitiva\u201d, expres\u00f3 Aguilar Rodr\u00edguez.<\/p>\n\n\n\n<p>El 22 de junio, vinculada a proceso como presunta responsable de los delitos contra la fe p\u00fablica y tr\u00e1fico de influencias. El juez de control Roberto Santos Maldonado ratific\u00f3 la medida cautelar de un a\u00f1o de prisi\u00f3n preventiva justificada y concedi\u00f3 la investigaci\u00f3n complementaria de tres meses.<\/p>\n\n\n\n<p>Sin embargo, la Defensor\u00eda P\u00fablica Federal sostuvo que la Fiscal\u00eda General del Estado no ha proporcionado elementos suficientes para sustentar la acusaci\u00f3n contra la jueza Ang\u00e9lica, a quien se\u00f1alan de liberar a Itiel \u201cN\u201d.<\/p>\n\n\n\n<p><\/p>\n","protected":false},"excerpt":{"rendered":"<p>Juan Arcos Xalapa, Ver.- La jueza Ang\u00e9lica S\u00e1nchez Hern\u00e1ndez deber\u00e1 continuar su proceso en libertad por el cambio instruido en las medidas cautelares, revel\u00f3 su abogado Ricardo Aguilar Rodr\u00edguez. El litigante dio a conocer en breve entrevista que a las 14:30 horas de este jueves 13 de julio se celebrar\u00e1 una audiencia en los juzgados [&hellip;]<\/p>\n","protected":false},"author":2476,"featured_media":42807,"comment_status":"open","ping_status":"open","sticky":false,"template":"","format":"standard","meta":{"_jetpack_memberships_contains_paid_content":false,"footnotes":""},"categories":[2],"tags":[],"class_list":["post-42806","post","type-post","status-publish","format-standard","has-post-thumbnail","hentry","category-estado"],"jetpack_featured_media_url":"https:\/\/encuentroinformativo.com.mx\/wp-content\/uploads\/2023\/07\/IMG_5371.jpg","jetpack_sharing_enabled":true,"jetpack_likes_enabled":true,"amp_enabled":true,"_links":{"self":[{"href":"https:\/\/encuentroinformativo.com.mx\/index.php?rest_route=\/wp\/v2\/posts\/42806","targetHints":{"allow":["GET"]}}],"collection":[{"href":"https:\/\/encuentroinformativo.com.mx\/index.php?rest_route=\/wp\/v2\/posts"}],"about":[{"href":"https:\/\/encuentroinformativo.com.mx\/index.php?rest_route=\/wp\/v2\/types\/post"}],"author":[{"embeddable":true,"href":"https:\/\/encuentroinformativo.com.mx\/index.php?rest_route=\/wp\/v2\/users\/2476"}],"replies":[{"embeddable":true,"href":"https:\/\/encuentroinformativo.com.mx\/index.php?rest_route=%2Fwp%2Fv2%2Fcomments&post=42806"}],"version-history":[{"count":1,"href":"https:\/\/encuentroinformativo.com.mx\/index.php?rest_route=\/wp\/v2\/posts\/42806\/revisions"}],"predecessor-version":[{"id":42808,"href":"https:\/\/encuentroinformativo.com.mx\/index.php?rest_route=\/wp\/v2\/posts\/42806\/revisions\/42808"}],"wp:featuredmedia":[{"embeddable":true,"href":"https:\/\/encuentroinformativo.com.mx\/index.php?rest_route=\/wp\/v2\/media\/42807"}],"wp:attachment":[{"href":"https:\/\/encuentroinformativo.com.mx\/index.php?rest_route=%2Fwp%2Fv2%2Fmedia&parent=42806"}],"wp:term":[{"taxonomy":"category","embeddable":true,"href":"https:\/\/encuentroinformativo.com.mx\/index.php?rest_route=%2Fwp%2Fv2%2Fcategories&post=42806"},{"taxonomy":"post_tag","embeddable":true,"href":"https:\/\/encuentroinformativo.com.mx\/index.php?rest_route=%2Fwp%2Fv2%2Ftags&post=42806"}],"curies":[{"name":"wp","href":"https:\/\/api.w.org\/{rel}","templated":true}]}}