{"id":42817,"date":"2023-07-13T17:28:21","date_gmt":"2023-07-13T23:28:21","guid":{"rendered":"https:\/\/encuentroinformativo.com.mx\/?p=42817"},"modified":"2023-07-13T17:28:24","modified_gmt":"2023-07-13T23:28:24","slug":"familiares-de-miriam-iranis-solicitaron-realizar-otras-pruebas-al-cuerpo-localizado","status":"publish","type":"post","link":"https:\/\/encuentroinformativo.com.mx\/?p=42817","title":{"rendered":"Familiares de Miriam Iran\u00eds solicitaron realizar otras pruebas al cuerpo localizado"},"content":{"rendered":"\n<p><strong>Dar\u00edo Pale <\/strong><\/p>\n\n\n\n<p>Xalapa, Ver.- Familia de la polic\u00eda Miriam Iran\u00eds tiene derecho a no aceptar cuerpo, tiene derecho y se le concedi\u00f3 el derecho de practicar otras pruebas de gen\u00e9tica, as\u00ed lo informo el gobernador del estado Cuitl\u00e1huac Garc\u00eda Jim\u00e9nez.<\/p>\n\n\n\n<p>En conferencia de prensa admiti\u00f3 que la familia de la elemento de la Fuerza Civil, Miriam Iran\u00eds V\u00e1zquez Herrera, desaparecida en mayo pasado; tiene derecho a aceptar su cuerpo o pedir que se le practiquen otras pruebas para comprobar que los restos hallados corresponden a la joven.<\/p>\n\n\n\n<p>Afirm\u00f3 que ya se le practicaron los ex\u00e1menes de gen\u00e9tica a trav\u00e9s de toda la tecnolog\u00eda avanzada con que cuentan en el Centro de Identificaci\u00f3n de Nogales.<\/p>\n\n\n\n<p>&#8220;Ya se le entreg\u00f3, ya se explic\u00f3 a la familia, pero si ellos tienen alguna duda, se les da tambi\u00e9n la oportunidad para que con otro ente o con otra empresa o instituci\u00f3n, lo que ellos consideren, hagan una tambi\u00e9n revisi\u00f3n cient\u00edfica&#8221;, se\u00f1al\u00f3.<\/p>\n\n\n\n<p>Por \u00faltimo el Ejecutivo defini\u00f3 que tras la negativa de aceptar los restos humanos hallados en d\u00edas pasados, se les concedi\u00f3 hacer otras pruebas para corroborar su identidad.<\/p>\n","protected":false},"excerpt":{"rendered":"<p>Dar\u00edo Pale Xalapa, Ver.- Familia de la polic\u00eda Miriam Iran\u00eds tiene derecho a no aceptar cuerpo, tiene derecho y se le concedi\u00f3 el derecho de practicar otras pruebas de gen\u00e9tica, as\u00ed lo informo el gobernador del estado Cuitl\u00e1huac Garc\u00eda Jim\u00e9nez. En conferencia de prensa admiti\u00f3 que la familia de la elemento de la Fuerza Civil, [&hellip;]<\/p>\n","protected":false},"author":2476,"featured_media":42818,"comment_status":"open","ping_status":"open","sticky":false,"template":"","format":"standard","meta":{"_jetpack_memberships_contains_paid_content":false,"footnotes":""},"categories":[2],"tags":[],"class_list":["post-42817","post","type-post","status-publish","format-standard","has-post-thumbnail","hentry","category-estado"],"jetpack_featured_media_url":"https:\/\/encuentroinformativo.com.mx\/wp-content\/uploads\/2023\/07\/Photo_1689290722082.jpg","jetpack_sharing_enabled":true,"jetpack_likes_enabled":true,"amp_enabled":true,"_links":{"self":[{"href":"https:\/\/encuentroinformativo.com.mx\/index.php?rest_route=\/wp\/v2\/posts\/42817","targetHints":{"allow":["GET"]}}],"collection":[{"href":"https:\/\/encuentroinformativo.com.mx\/index.php?rest_route=\/wp\/v2\/posts"}],"about":[{"href":"https:\/\/encuentroinformativo.com.mx\/index.php?rest_route=\/wp\/v2\/types\/post"}],"author":[{"embeddable":true,"href":"https:\/\/encuentroinformativo.com.mx\/index.php?rest_route=\/wp\/v2\/users\/2476"}],"replies":[{"embeddable":true,"href":"https:\/\/encuentroinformativo.com.mx\/index.php?rest_route=%2Fwp%2Fv2%2Fcomments&post=42817"}],"version-history":[{"count":1,"href":"https:\/\/encuentroinformativo.com.mx\/index.php?rest_route=\/wp\/v2\/posts\/42817\/revisions"}],"predecessor-version":[{"id":42819,"href":"https:\/\/encuentroinformativo.com.mx\/index.php?rest_route=\/wp\/v2\/posts\/42817\/revisions\/42819"}],"wp:featuredmedia":[{"embeddable":true,"href":"https:\/\/encuentroinformativo.com.mx\/index.php?rest_route=\/wp\/v2\/media\/42818"}],"wp:attachment":[{"href":"https:\/\/encuentroinformativo.com.mx\/index.php?rest_route=%2Fwp%2Fv2%2Fmedia&parent=42817"}],"wp:term":[{"taxonomy":"category","embeddable":true,"href":"https:\/\/encuentroinformativo.com.mx\/index.php?rest_route=%2Fwp%2Fv2%2Fcategories&post=42817"},{"taxonomy":"post_tag","embeddable":true,"href":"https:\/\/encuentroinformativo.com.mx\/index.php?rest_route=%2Fwp%2Fv2%2Ftags&post=42817"}],"curies":[{"name":"wp","href":"https:\/\/api.w.org\/{rel}","templated":true}]}}