{"id":42820,"date":"2023-07-13T17:40:08","date_gmt":"2023-07-13T23:40:08","guid":{"rendered":"https:\/\/encuentroinformativo.com.mx\/?p=42820"},"modified":"2023-07-13T17:40:14","modified_gmt":"2023-07-13T23:40:14","slug":"insistiran-taxistas-en-tarifas-justas-para-veracruz","status":"publish","type":"post","link":"https:\/\/encuentroinformativo.com.mx\/?p=42820","title":{"rendered":"Insistir\u00e1n taxistas en tarifas justas para Veracruz"},"content":{"rendered":"\n<p><strong>Juan Arcos <\/strong><\/p>\n\n\n\n<p>Xalapa, Ver.- El Movimiento Nacional Transportista reforzar\u00e1 la lucha en la defensa de los trabajadoras del volante, sobre todo de los taxistas del estado de Veracruz, y como parte de sus acciones renov\u00f3 la dirigencia estatal, quedando al frente de la organizaci\u00f3n en esta entidad Claudia Elizabeth Hern\u00e1ndez Siles.<\/p>\n\n\n\n<p>La tarde de este jueves 13 de julio se llev\u00f3 a cabo la contienda interna para el cambio de la directiva durante una asamblea, realizada en el municipio de Banderilla, donde la mujer se comprometi\u00f3 a mantener y defender los derechos de los 15 mil agremiados en Veracruz.<\/p>\n\n\n\n<p>\u201cA trav\u00e9s del voto de confianza que me otorgaron sal\u00ed electa y as\u00ed reafirmar los trabajos que se vienen haciendo en el estado de Veracruz\u201d.<\/p>\n\n\n\n<p>La Presidenta del Movimiento Nacional Transportista en el Estado de Veracruz, quien ocupar\u00e1 el cargo durante un periodo de tres a\u00f1os a partir de este 13 de julio, indic\u00f3 que se reafirmar\u00e1n los trabajos que ha venido haciendo la organizaci\u00f3n, en beneficio de los trabajadores del volante.<\/p>\n\n\n\n<p>\u201cEn una semana daremos a conocer a los medios c\u00f3mo se va a conformar la estructura del comit\u00e9 directivo estatal, tambi\u00e9n tenemos que agradecer aqu\u00ed al compa\u00f1ero Pedro Fern\u00e1ndez (a quien derrot\u00f3 en la votaci\u00f3n), que es una parte importante en la organizaci\u00f3n y que vamos a trabajar en conjunto\u201d.<\/p>\n\n\n\n<p>Hern\u00e1ndez Selis record\u00f3 que los 15 mil agremiados conforman 22 comit\u00e9s municipales, cuatro regionales y est\u00e1n por integrarse m\u00e1s comit\u00e9s en distintas zonas del estado para garantizar el crecimiento de la organizaci\u00f3n.<\/p>\n\n\n\n<p>La lideresa enfatiz\u00f3 que en marzo pasado se manifestaron en Xalapa y entregaron un pliego petitorio al gobierno del estado para exigir que se actualicen las tarifas del servicio de taxi, pues los gastos de mantenimiento y operaci\u00f3n han aumentado m\u00e1s de 60 por ciento.<\/p>\n\n\n\n<p>\u201cHay una afectaci\u00f3n al no tener una tarifa adecuada a lo que invertimos. La tarifa se ha politizado, es un tema que no puede existir, somos transportistas y debemos sentarnos a dialogar con el gobierno para trabajar de la mano y sacar la tarifa adecuada\u201d, remat\u00f3.<\/p>\n\n\n\n<p>En el evento estuvieron l\u00edderes municipales, regionales y el dirigente nacional de la organizaci\u00f3n, Ignacio Rodr\u00edguez Mej\u00eda.<\/p>\n","protected":false},"excerpt":{"rendered":"<p>Juan Arcos Xalapa, Ver.- El Movimiento Nacional Transportista reforzar\u00e1 la lucha en la defensa de los trabajadoras del volante, sobre todo de los taxistas del estado de Veracruz, y como parte de sus acciones renov\u00f3 la dirigencia estatal, quedando al frente de la organizaci\u00f3n en esta entidad Claudia Elizabeth Hern\u00e1ndez Siles. La tarde de este [&hellip;]<\/p>\n","protected":false},"author":2476,"featured_media":42821,"comment_status":"open","ping_status":"open","sticky":false,"template":"","format":"standard","meta":{"_jetpack_memberships_contains_paid_content":false,"footnotes":""},"categories":[3],"tags":[],"class_list":["post-42820","post","type-post","status-publish","format-standard","has-post-thumbnail","hentry","category-xalapa"],"jetpack_featured_media_url":"https:\/\/encuentroinformativo.com.mx\/wp-content\/uploads\/2023\/07\/IMG_89482.jpg","jetpack_sharing_enabled":true,"jetpack_likes_enabled":true,"amp_enabled":true,"_links":{"self":[{"href":"https:\/\/encuentroinformativo.com.mx\/index.php?rest_route=\/wp\/v2\/posts\/42820","targetHints":{"allow":["GET"]}}],"collection":[{"href":"https:\/\/encuentroinformativo.com.mx\/index.php?rest_route=\/wp\/v2\/posts"}],"about":[{"href":"https:\/\/encuentroinformativo.com.mx\/index.php?rest_route=\/wp\/v2\/types\/post"}],"author":[{"embeddable":true,"href":"https:\/\/encuentroinformativo.com.mx\/index.php?rest_route=\/wp\/v2\/users\/2476"}],"replies":[{"embeddable":true,"href":"https:\/\/encuentroinformativo.com.mx\/index.php?rest_route=%2Fwp%2Fv2%2Fcomments&post=42820"}],"version-history":[{"count":1,"href":"https:\/\/encuentroinformativo.com.mx\/index.php?rest_route=\/wp\/v2\/posts\/42820\/revisions"}],"predecessor-version":[{"id":42822,"href":"https:\/\/encuentroinformativo.com.mx\/index.php?rest_route=\/wp\/v2\/posts\/42820\/revisions\/42822"}],"wp:featuredmedia":[{"embeddable":true,"href":"https:\/\/encuentroinformativo.com.mx\/index.php?rest_route=\/wp\/v2\/media\/42821"}],"wp:attachment":[{"href":"https:\/\/encuentroinformativo.com.mx\/index.php?rest_route=%2Fwp%2Fv2%2Fmedia&parent=42820"}],"wp:term":[{"taxonomy":"category","embeddable":true,"href":"https:\/\/encuentroinformativo.com.mx\/index.php?rest_route=%2Fwp%2Fv2%2Fcategories&post=42820"},{"taxonomy":"post_tag","embeddable":true,"href":"https:\/\/encuentroinformativo.com.mx\/index.php?rest_route=%2Fwp%2Fv2%2Ftags&post=42820"}],"curies":[{"name":"wp","href":"https:\/\/api.w.org\/{rel}","templated":true}]}}