{"id":42825,"date":"2023-07-13T18:22:43","date_gmt":"2023-07-14T00:22:43","guid":{"rendered":"https:\/\/encuentroinformativo.com.mx\/?p=42825"},"modified":"2023-07-13T18:22:47","modified_gmt":"2023-07-14T00:22:47","slug":"hay-coordinacion-para-atender-robos-en-escuelas-ssp","status":"publish","type":"post","link":"https:\/\/encuentroinformativo.com.mx\/?p=42825","title":{"rendered":"Hay coordinaci\u00f3n para atender robos en escuelas: SSP"},"content":{"rendered":"\n<p><strong>Dar\u00edo Pale <\/strong><\/p>\n\n\n\n<p>Xalapa, Ver.- Rechaza la Secretar\u00eda de Seguridad P\u00fablica (SSP) que robos a escuelas sea pan de cada d\u00eda, ya que existe coordinaci\u00f3n con personal docente, se les pide que tomen medidas de seguridad.<\/p>\n\n\n\n<p>En entrevista el titular de la Seguridad P\u00fablica, Cuauht\u00e9moc Z\u00fa\u00f1iga Bonilla, neg\u00f3 que los robos a las escuelas del Estado sean &#8220;el pan de cada d\u00eda&#8221; como lo se\u00f1al\u00f3 el dirigente de la Secci\u00f3n 32 del SNTE, Daniel Covarrubias.<\/p>\n\n\n\n<p>&#8220;No, s\u00ed se hace mucho. Hay coordinaci\u00f3n con la Secretar\u00eda de Educaci\u00f3n y principalmente en esta \u00e9poca de vacaciones se asignan a los delegados ciertos sectores para que hagan la verificaci\u00f3n de las escuelas&#8221;, se\u00f1al\u00f3.<\/p>\n\n\n\n<p>El funcionario reconoci\u00f3 que en Veracruz existen muchas escuelas y eso es lo que aprovechan los delincuentes, no obstante informo que en el acercamiento que hace la dependencia con el personal docente es para que verifiquen las medidas de seguridad de los centros escolares.<\/p>\n\n\n\n<p>&#8220;Hay un trabajo coordinado, s\u00ed hay una buena coordinaci\u00f3n y yo estoy en la mejor apertura de platicar y coordinar con quien lo solicite&#8221;, finaliz\u00f3.<\/p>\n","protected":false},"excerpt":{"rendered":"<p>Dar\u00edo Pale Xalapa, Ver.- Rechaza la Secretar\u00eda de Seguridad P\u00fablica (SSP) que robos a escuelas sea pan de cada d\u00eda, ya que existe coordinaci\u00f3n con personal docente, se les pide que tomen medidas de seguridad. En entrevista el titular de la Seguridad P\u00fablica, Cuauht\u00e9moc Z\u00fa\u00f1iga Bonilla, neg\u00f3 que los robos a las escuelas del Estado [&hellip;]<\/p>\n","protected":false},"author":2476,"featured_media":16743,"comment_status":"open","ping_status":"open","sticky":false,"template":"","format":"standard","meta":{"_jetpack_memberships_contains_paid_content":false,"footnotes":""},"categories":[2],"tags":[],"class_list":["post-42825","post","type-post","status-publish","format-standard","has-post-thumbnail","hentry","category-estado"],"jetpack_featured_media_url":"https:\/\/encuentroinformativo.com.mx\/wp-content\/uploads\/2021\/07\/BC6BE7A9-92D7-488C-BC24-69F7BA18F0DD.jpeg","jetpack_sharing_enabled":true,"jetpack_likes_enabled":true,"amp_enabled":true,"_links":{"self":[{"href":"https:\/\/encuentroinformativo.com.mx\/index.php?rest_route=\/wp\/v2\/posts\/42825","targetHints":{"allow":["GET"]}}],"collection":[{"href":"https:\/\/encuentroinformativo.com.mx\/index.php?rest_route=\/wp\/v2\/posts"}],"about":[{"href":"https:\/\/encuentroinformativo.com.mx\/index.php?rest_route=\/wp\/v2\/types\/post"}],"author":[{"embeddable":true,"href":"https:\/\/encuentroinformativo.com.mx\/index.php?rest_route=\/wp\/v2\/users\/2476"}],"replies":[{"embeddable":true,"href":"https:\/\/encuentroinformativo.com.mx\/index.php?rest_route=%2Fwp%2Fv2%2Fcomments&post=42825"}],"version-history":[{"count":1,"href":"https:\/\/encuentroinformativo.com.mx\/index.php?rest_route=\/wp\/v2\/posts\/42825\/revisions"}],"predecessor-version":[{"id":42826,"href":"https:\/\/encuentroinformativo.com.mx\/index.php?rest_route=\/wp\/v2\/posts\/42825\/revisions\/42826"}],"wp:featuredmedia":[{"embeddable":true,"href":"https:\/\/encuentroinformativo.com.mx\/index.php?rest_route=\/wp\/v2\/media\/16743"}],"wp:attachment":[{"href":"https:\/\/encuentroinformativo.com.mx\/index.php?rest_route=%2Fwp%2Fv2%2Fmedia&parent=42825"}],"wp:term":[{"taxonomy":"category","embeddable":true,"href":"https:\/\/encuentroinformativo.com.mx\/index.php?rest_route=%2Fwp%2Fv2%2Fcategories&post=42825"},{"taxonomy":"post_tag","embeddable":true,"href":"https:\/\/encuentroinformativo.com.mx\/index.php?rest_route=%2Fwp%2Fv2%2Ftags&post=42825"}],"curies":[{"name":"wp","href":"https:\/\/api.w.org\/{rel}","templated":true}]}}