{"id":42832,"date":"2023-07-14T10:15:11","date_gmt":"2023-07-14T16:15:11","guid":{"rendered":"https:\/\/encuentroinformativo.com.mx\/?p=42832"},"modified":"2023-07-14T10:15:15","modified_gmt":"2023-07-14T16:15:15","slug":"dictan-arraigo-domiciliario-a-exjueza-angelica-n","status":"publish","type":"post","link":"https:\/\/encuentroinformativo.com.mx\/?p=42832","title":{"rendered":"Dictan arraigo domiciliario a exjueza Ang\u00e9lica N"},"content":{"rendered":"\n<p><strong>Juan Arcos <\/strong><\/p>\n\n\n\n<p>Xalapa, Ver.- La jueza Ang\u00e9lica S\u00e1nchez Hern\u00e1ndez saldr\u00e1 de la c\u00e1rcel, luego de que quedara sin efecto la medida cautelar de prisi\u00f3n preventiva justificada por su presunta responsabilidad en los delitos de tr\u00e1fico de influencias y contra la fe p\u00fablica.<\/p>\n\n\n\n<p>Tras 22 d\u00edas presa en el penal de Pacho Viejo, municipio de Coatepec, su abogado Ricardo Aguilar Rodr\u00edguez inform\u00f3 que se le impuso como garant\u00eda el pago de un mill\u00f3n de pesos y el arraigo domiciliario.<\/p>\n\n\n\n<p>Despu\u00e9s de varias horas, concluy\u00f3 la audiencia en los Juzgados del penal de Pacho Viejo, donde el juez de control acat\u00f3 la instrucci\u00f3n del Segundo Tribunal Colegiado en materia Penal del S\u00e9ptimo Circuito con sede en Boca del R\u00edo, mismo que le concedi\u00f3 una suspensi\u00f3n provisional contra la prisi\u00f3n preventiva.<\/p>\n\n\n\n<p>Por lo anterior, iniciar\u00edan los tr\u00e1mites correspondientes para posteriormente ser traslada bajo custodia a su domicilio donde deber\u00e1 continuar el proceso penal en su contra.<br>La jueza fue detenida el pasado 16 de junio en la Ciudad de M\u00e9xico, por segunda ocasi\u00f3n, esta vez se\u00f1alada de delitos contra la fe p\u00fablica y tr\u00e1fico de influencias.<\/p>\n\n\n\n<p>Su abogado indic\u00f3 que tendr\u00eda que variar la medida cautelar o eliminarla, situaci\u00f3n que depend\u00eda del juez de control que encabez\u00f3 la audiencia desde la tarde de este jueves.<\/p>\n\n\n\n<p>\u201cEs una parte del amparo con relaci\u00f3n a la suspensi\u00f3n del acto reclamado, el amparo en s\u00ed a\u00fan no se resuelve en definitiva\u201d, expres\u00f3 Aguilar Rodr\u00edguez.<\/p>\n\n\n\n<p>El 22 de junio, fue vinculada a proceso como presunta responsable de los delitos contra la fe p\u00fablica y tr\u00e1fico de influencias. En esa fecha, el juez de control Roberto Santos Maldonado ratific\u00f3 la medida cautelar de un a\u00f1o de prisi\u00f3n preventiva justificada y concedi\u00f3 la investigaci\u00f3n complementaria de tres meses.<\/p>\n\n\n\n<p>Sin embargo, la Defensor\u00eda P\u00fablica Federal sostuvo que la Fiscal\u00eda General del Estado (FGE) no ha proporcionado elementos suficientes para sustentar la acusaci\u00f3n contra la jueza Ang\u00e9lica, a quien se\u00f1alan de liberar a Itiel \u201cN\u201d, presunto \u201cCompa Playa\u201dy responsable de homicidios, entre ellos el del diputado priista Juan Carlos Molina.<\/p>\n","protected":false},"excerpt":{"rendered":"<p>Juan Arcos Xalapa, Ver.- La jueza Ang\u00e9lica S\u00e1nchez Hern\u00e1ndez saldr\u00e1 de la c\u00e1rcel, luego de que quedara sin efecto la medida cautelar de prisi\u00f3n preventiva justificada por su presunta responsabilidad en los delitos de tr\u00e1fico de influencias y contra la fe p\u00fablica. Tras 22 d\u00edas presa en el penal de Pacho Viejo, municipio de Coatepec, [&hellip;]<\/p>\n","protected":false},"author":2476,"featured_media":42833,"comment_status":"open","ping_status":"open","sticky":false,"template":"","format":"standard","meta":{"_jetpack_memberships_contains_paid_content":false,"footnotes":""},"categories":[2],"tags":[],"class_list":["post-42832","post","type-post","status-publish","format-standard","has-post-thumbnail","hentry","category-estado"],"jetpack_featured_media_url":"https:\/\/encuentroinformativo.com.mx\/wp-content\/uploads\/2023\/07\/IMG_9139.jpg","jetpack_sharing_enabled":true,"jetpack_likes_enabled":true,"amp_enabled":true,"_links":{"self":[{"href":"https:\/\/encuentroinformativo.com.mx\/index.php?rest_route=\/wp\/v2\/posts\/42832","targetHints":{"allow":["GET"]}}],"collection":[{"href":"https:\/\/encuentroinformativo.com.mx\/index.php?rest_route=\/wp\/v2\/posts"}],"about":[{"href":"https:\/\/encuentroinformativo.com.mx\/index.php?rest_route=\/wp\/v2\/types\/post"}],"author":[{"embeddable":true,"href":"https:\/\/encuentroinformativo.com.mx\/index.php?rest_route=\/wp\/v2\/users\/2476"}],"replies":[{"embeddable":true,"href":"https:\/\/encuentroinformativo.com.mx\/index.php?rest_route=%2Fwp%2Fv2%2Fcomments&post=42832"}],"version-history":[{"count":1,"href":"https:\/\/encuentroinformativo.com.mx\/index.php?rest_route=\/wp\/v2\/posts\/42832\/revisions"}],"predecessor-version":[{"id":42834,"href":"https:\/\/encuentroinformativo.com.mx\/index.php?rest_route=\/wp\/v2\/posts\/42832\/revisions\/42834"}],"wp:featuredmedia":[{"embeddable":true,"href":"https:\/\/encuentroinformativo.com.mx\/index.php?rest_route=\/wp\/v2\/media\/42833"}],"wp:attachment":[{"href":"https:\/\/encuentroinformativo.com.mx\/index.php?rest_route=%2Fwp%2Fv2%2Fmedia&parent=42832"}],"wp:term":[{"taxonomy":"category","embeddable":true,"href":"https:\/\/encuentroinformativo.com.mx\/index.php?rest_route=%2Fwp%2Fv2%2Fcategories&post=42832"},{"taxonomy":"post_tag","embeddable":true,"href":"https:\/\/encuentroinformativo.com.mx\/index.php?rest_route=%2Fwp%2Fv2%2Ftags&post=42832"}],"curies":[{"name":"wp","href":"https:\/\/api.w.org\/{rel}","templated":true}]}}