{"id":42851,"date":"2023-07-14T13:18:14","date_gmt":"2023-07-14T19:18:14","guid":{"rendered":"https:\/\/encuentroinformativo.com.mx\/?p=42851"},"modified":"2023-07-14T13:18:18","modified_gmt":"2023-07-14T19:18:18","slug":"celebran-40-anos-de-fundacion-del-sindicato-stspev","status":"publish","type":"post","link":"https:\/\/encuentroinformativo.com.mx\/?p=42851","title":{"rendered":"Celebran 40 a\u00f1os de fundaci\u00f3n del sindicato Stspev"},"content":{"rendered":"\n<p><strong>Juan Arcos <\/strong><\/p>\n\n\n\n<p>Xalapa, Ver.- Empleados del gobierno estatal develaron un mural que representa los 40 a\u00f1os de la fundaci\u00f3n del Sindicato de Trabajadores al Servicio del Poder Ejecutivo del Estado de Veracruz (Stspev).<\/p>\n\n\n\n<p>El mural fue nombrado \u201cLa fuerza laboral burocr\u00e1tica en el Poder Ejecutivo\u201d, una obra de Gustavo Lendechy Cort\u00e9s, que puede apreciarse en las instalaciones de la organizaci\u00f3n sindical, ubicadas sobre la calle J. J. Herrera n\u00famero 15, en la zona centro de la capital.<\/p>\n\n\n\n<p>El artista pl\u00e1stico xalape\u00f1o labora en la Secretar\u00eda de Infraestructura y Obras P\u00fablicas (SIOP) desde hace 29 a\u00f1os, pero tambi\u00e9n ha incursionado como caricaturista en medios de comunicaci\u00f3n.<\/p>\n\n\n\n<p>Elsy Elizabeth Hern\u00e1ndez C\u00e1rdenas, secretaria de Actas y Acuerdos del Stspev, detall\u00f3 que el mural es de gran relevancia para el sindicato mayoritario, pues representa base, lucha, constancia, esfuerzo, dedicaci\u00f3n, integraci\u00f3n, equipo, compromiso y amor al trabajo.<\/p>\n\n\n\n<p>La integrante del Comit\u00e9 Directivo Estatal del sindicato mencionado enfatiz\u00f3 que se mantiene una buena relaci\u00f3n con el gobierno, que encabeza el ingeniero Cuitl\u00e1huac Garc\u00eda Jim\u00e9nez.<\/p>\n\n\n\n<p>\u201cNos enorgullece mucho decirles que llevamos muy bien las relaciones laborales y que pronto les estaremos dando respuesta a nuestro pliego petitorio y a las condiciones generales del mismo\u201d, refiri\u00f3.<\/p>\n\n\n\n<p>El Sindicato de Trabajadores al Servicio del Poder Ejecutivo del Estado de Veracruz entreg\u00f3 un reconocimiento al artista Gustavo Lendechy Cort\u00e9s por su esfuerzo, ingenio y dedicaci\u00f3n en la elaboraci\u00f3n del mural.<\/p>\n\n\n\n<p>El autor de la obra, quien es delegado sindical en SIOP desde hace 20 a\u00f1os, explic\u00f3 que el mural fue elaborado en la t\u00e9cnica de acr\u00edlico, mide 12 metros de largo 2.5 de alto, donde no se ocup\u00f3 proyector y todo el trazo se hizo a mano.<\/p>\n\n\n\n<p>\u201cEst\u00e1 dedicado a la vida y obra de esta organizaci\u00f3n. El mural est\u00e1 seccionado en cinco bloques, mismos que marcan el presente, pasado y el futuro del sindicato\u201d, enfatiz\u00f3 el artista.<\/p>\n","protected":false},"excerpt":{"rendered":"<p>Juan Arcos Xalapa, Ver.- Empleados del gobierno estatal develaron un mural que representa los 40 a\u00f1os de la fundaci\u00f3n del Sindicato de Trabajadores al Servicio del Poder Ejecutivo del Estado de Veracruz (Stspev). El mural fue nombrado \u201cLa fuerza laboral burocr\u00e1tica en el Poder Ejecutivo\u201d, una obra de Gustavo Lendechy Cort\u00e9s, que puede apreciarse en [&hellip;]<\/p>\n","protected":false},"author":2476,"featured_media":42852,"comment_status":"open","ping_status":"open","sticky":false,"template":"","format":"standard","meta":{"_jetpack_memberships_contains_paid_content":false,"footnotes":""},"categories":[3],"tags":[],"class_list":["post-42851","post","type-post","status-publish","format-standard","has-post-thumbnail","hentry","category-xalapa"],"jetpack_featured_media_url":"https:\/\/encuentroinformativo.com.mx\/wp-content\/uploads\/2023\/07\/IMG_91202.jpg","jetpack_sharing_enabled":true,"jetpack_likes_enabled":true,"amp_enabled":true,"_links":{"self":[{"href":"https:\/\/encuentroinformativo.com.mx\/index.php?rest_route=\/wp\/v2\/posts\/42851","targetHints":{"allow":["GET"]}}],"collection":[{"href":"https:\/\/encuentroinformativo.com.mx\/index.php?rest_route=\/wp\/v2\/posts"}],"about":[{"href":"https:\/\/encuentroinformativo.com.mx\/index.php?rest_route=\/wp\/v2\/types\/post"}],"author":[{"embeddable":true,"href":"https:\/\/encuentroinformativo.com.mx\/index.php?rest_route=\/wp\/v2\/users\/2476"}],"replies":[{"embeddable":true,"href":"https:\/\/encuentroinformativo.com.mx\/index.php?rest_route=%2Fwp%2Fv2%2Fcomments&post=42851"}],"version-history":[{"count":1,"href":"https:\/\/encuentroinformativo.com.mx\/index.php?rest_route=\/wp\/v2\/posts\/42851\/revisions"}],"predecessor-version":[{"id":42853,"href":"https:\/\/encuentroinformativo.com.mx\/index.php?rest_route=\/wp\/v2\/posts\/42851\/revisions\/42853"}],"wp:featuredmedia":[{"embeddable":true,"href":"https:\/\/encuentroinformativo.com.mx\/index.php?rest_route=\/wp\/v2\/media\/42852"}],"wp:attachment":[{"href":"https:\/\/encuentroinformativo.com.mx\/index.php?rest_route=%2Fwp%2Fv2%2Fmedia&parent=42851"}],"wp:term":[{"taxonomy":"category","embeddable":true,"href":"https:\/\/encuentroinformativo.com.mx\/index.php?rest_route=%2Fwp%2Fv2%2Fcategories&post=42851"},{"taxonomy":"post_tag","embeddable":true,"href":"https:\/\/encuentroinformativo.com.mx\/index.php?rest_route=%2Fwp%2Fv2%2Ftags&post=42851"}],"curies":[{"name":"wp","href":"https:\/\/api.w.org\/{rel}","templated":true}]}}