{"id":42866,"date":"2023-07-14T18:23:25","date_gmt":"2023-07-15T00:23:25","guid":{"rendered":"https:\/\/encuentroinformativo.com.mx\/?p=42866"},"modified":"2023-07-14T18:23:29","modified_gmt":"2023-07-15T00:23:29","slug":"aumento-en-50-afluencia-turistica-para-veracruz","status":"publish","type":"post","link":"https:\/\/encuentroinformativo.com.mx\/?p=42866","title":{"rendered":"Aument\u00f3 en 50% afluencia tur\u00edstica para Veracruz"},"content":{"rendered":"\n<p><strong>Alejandro \u00c1vila\u00a0<\/strong><\/p>\n\n\n\n<p>Boca del R\u00edo, Ver.- En comparaci\u00f3n con el 2022, la afluencia tur\u00edstica en la entidad veracruzana increment\u00f3 en un 51 por ciento este a\u00f1o, superando las expectativas que se ten\u00edan de crecimiento, mencion\u00f3 el secretario de Turismo, Iv\u00e1n Francisco Mart\u00ednez Olvera.<\/p>\n\n\n\n<p>\u201cTenemos una expectativa de crecimiento muy importante, a inicios de a\u00f1o esper\u00e1bamos un crecimiento del 18 por ciento, en el \u00e1mbito tur\u00edstico de este a\u00f1o, como se han dado las cifras a lo largo de este primer semestre no crecimos al 18, ya tenemos un crecimiento de 51 por ciento\u201d.&nbsp;<\/p>\n\n\n\n<p>Las vacaciones de verano ser\u00e1n del 24 de julio al 28 de agosto, y para esta temporada vacacional se espera la llegada de 3 millones de visitantes a los diferentes destinos de Veracruz.<\/p>\n\n\n\n<p>La dependencia estatal estima una ocupaci\u00f3n promedio para todo el periodo vacacional del 85 por ciento; sin embargo, habr\u00e1 fines de semanas en donde la ocupaci\u00f3n llegue a su m\u00e1ximo.&nbsp;<\/p>\n\n\n\n<p>\u201cNos lleva a un aproximado de 3 millones de turistas, visitantes un poco m\u00e1s de 3 millones en todo el periodo vacacional en todo el estado. Durante este mes de vacaciones hay d\u00edas m\u00e1s fuertes que son donde coinciden el periodo vacacional de todos los niveles educativos y algunas oficinas de gobierno\u201d, indic\u00f3.&nbsp;<\/p>\n\n\n\n<p>Asegur\u00f3 que las 7 regiones tur\u00edsticas del estado se benefician con el periodo vacacional, porque en cada una hay atractivos para los visitantes, una de las zonas que m\u00e1s ha crecido en este \u00e1mbito es la norte.&nbsp;<\/p>\n\n\n\n<p>En Tuxpan, la ocupaci\u00f3n llega hasta el 95 por ciento, por ser un destino cerca de la Ciudad de M\u00e9xico.&nbsp;<\/p>\n","protected":false},"excerpt":{"rendered":"<p>Alejandro \u00c1vila\u00a0 Boca del R\u00edo, Ver.- En comparaci\u00f3n con el 2022, la afluencia tur\u00edstica en la entidad veracruzana increment\u00f3 en un 51 por ciento este a\u00f1o, superando las expectativas que se ten\u00edan de crecimiento, mencion\u00f3 el secretario de Turismo, Iv\u00e1n Francisco Mart\u00ednez Olvera. \u201cTenemos una expectativa de crecimiento muy importante, a inicios de a\u00f1o esper\u00e1bamos [&hellip;]<\/p>\n","protected":false},"author":2476,"featured_media":42867,"comment_status":"open","ping_status":"open","sticky":false,"template":"","format":"standard","meta":{"_jetpack_memberships_contains_paid_content":false,"footnotes":""},"categories":[2],"tags":[],"class_list":["post-42866","post","type-post","status-publish","format-standard","has-post-thumbnail","hentry","category-estado"],"jetpack_featured_media_url":"https:\/\/encuentroinformativo.com.mx\/wp-content\/uploads\/2023\/07\/IMG-20230714-WA00612.jpg","jetpack_sharing_enabled":true,"jetpack_likes_enabled":true,"amp_enabled":true,"_links":{"self":[{"href":"https:\/\/encuentroinformativo.com.mx\/index.php?rest_route=\/wp\/v2\/posts\/42866","targetHints":{"allow":["GET"]}}],"collection":[{"href":"https:\/\/encuentroinformativo.com.mx\/index.php?rest_route=\/wp\/v2\/posts"}],"about":[{"href":"https:\/\/encuentroinformativo.com.mx\/index.php?rest_route=\/wp\/v2\/types\/post"}],"author":[{"embeddable":true,"href":"https:\/\/encuentroinformativo.com.mx\/index.php?rest_route=\/wp\/v2\/users\/2476"}],"replies":[{"embeddable":true,"href":"https:\/\/encuentroinformativo.com.mx\/index.php?rest_route=%2Fwp%2Fv2%2Fcomments&post=42866"}],"version-history":[{"count":1,"href":"https:\/\/encuentroinformativo.com.mx\/index.php?rest_route=\/wp\/v2\/posts\/42866\/revisions"}],"predecessor-version":[{"id":42868,"href":"https:\/\/encuentroinformativo.com.mx\/index.php?rest_route=\/wp\/v2\/posts\/42866\/revisions\/42868"}],"wp:featuredmedia":[{"embeddable":true,"href":"https:\/\/encuentroinformativo.com.mx\/index.php?rest_route=\/wp\/v2\/media\/42867"}],"wp:attachment":[{"href":"https:\/\/encuentroinformativo.com.mx\/index.php?rest_route=%2Fwp%2Fv2%2Fmedia&parent=42866"}],"wp:term":[{"taxonomy":"category","embeddable":true,"href":"https:\/\/encuentroinformativo.com.mx\/index.php?rest_route=%2Fwp%2Fv2%2Fcategories&post=42866"},{"taxonomy":"post_tag","embeddable":true,"href":"https:\/\/encuentroinformativo.com.mx\/index.php?rest_route=%2Fwp%2Fv2%2Ftags&post=42866"}],"curies":[{"name":"wp","href":"https:\/\/api.w.org\/{rel}","templated":true}]}}