{"id":4287,"date":"2020-07-21T14:48:41","date_gmt":"2020-07-21T19:48:41","guid":{"rendered":"https:\/\/encuentroinformativo.com\/?p=4287"},"modified":"2020-07-21T14:48:43","modified_gmt":"2020-07-21T19:48:43","slug":"sustituyen-xiquenada-por-ofrenda-floral","status":"publish","type":"post","link":"https:\/\/encuentroinformativo.com.mx\/?p=4287","title":{"rendered":"Sustituyen xique\u00f1ada por ofrenda floral"},"content":{"rendered":"\n<p><strong>Juan Arcos <\/strong><\/p>\n\n\n\n<p>Xalapa, Ver.- Los organizadores de la Xique\u00f1ada sustituyeron la suelta de toros por una ofrenda floral a Santa Mar\u00eda Magdalena, debido a la pandemia del SARS-COV-2 (COVID-19), evento que a\u00f1o tras a\u00f1o se hab\u00eda llevado a cabo el 22 de julio.<\/p>\n\n\n\n<p>De acuerdo con Rafael Guevara M\u00e1vil, presidente interino del Comit\u00e9 de la Capea \u201cProtoro\u201d, el martes 21 de julio, a las 16:00 horas, acudir\u00e1n al menos nueve de los 60 integrantes del Comit\u00e9 para entregar la ofrenda y, despu\u00e9s, cada quien regresar\u00eda a su casa.<\/p>\n\n\n\n<p>Desde el domingo 19 de julio, fueron colocadas vallas met\u00e1licas para evitar aglomeraciones y la presencia de visitantes, pues ya el ayuntamiento de Xico cancel\u00f3 los eventos culturales y art\u00edsticos por la emergencia sanitaria.<\/p>\n\n\n\n<p>El entrevistado record\u00f3 que desde abril pasado fueron suspendidos los planes para la realizaci\u00f3n de la Xique\u00f1ada 2020.<\/p>\n\n\n\n<p>Por ello, las reuniones con ganaderos no se llevaron a cabo durante mayo, como cada a\u00f1o. Tampoco fueron seleccionados los 20 toros de lidia que ser\u00edan soltados sobre la calle principal del Pueblo M\u00e1gico.<\/p>\n\n\n\n<p>\u201cPor la pandemia se ten\u00eda que detener esto, no habr\u00eda otra forma porque es un riesgo. Fuimos noticia nacional por irresponsabilidad de algunos hace ocho d\u00edas (noche del cencerrero), entonces no quisimos entrar ah\u00ed, podr\u00e1n decirnos lo que quieran pero no todos los xique\u00f1os somos iguales\u201d, coment\u00f3 Guevara M\u00e1vil.<\/p>\n\n\n\n<p>En la edici\u00f3n de la Xique\u00f1ada de los a\u00f1os 2018 y 2019 tambi\u00e9n hubo problemas para organizar el evento taurino, sobre todo por la presi\u00f3n que padecieron para que hicieran valer la Ley n\u00famero 876 de Protecci\u00f3n Animal para el Estado de Veracruz.<\/p>\n\n\n\n<p>\u201cEste a\u00f1o se suspende por la pandemia y por el bien de todos, porque es un evento de gran concurrencia, muy grande y hemos tomado esta decisi\u00f3n con tiempo con el ayuntamiento y es lo m\u00e1s acertado que puede haber. Por el bien de todos, nos vemos el pr\u00f3ximo a\u00f1o\u201d.<\/p>\n\n\n\n<p>El a\u00f1o pasado fue suspendido este evento, debido a que los participantes incumplieron los lineamientos del registro, record\u00f3 el tesorero de Protoro, Germ\u00e1n Caballero Vega.<\/p>\n\n\n\n<p>\u201cPor eso se decidi\u00f3 parar, no fue la fiscal\u00eda, ni nada, fue parte de nosotros para que la gente vaya respetando que vengan de blanco y no exista problema, as\u00ed la fiscal\u00eda nos lo puso en un papel, que se registraran todos los participantes, por eso se par\u00f3 esto\u201d, enfatiz\u00f3.<\/p>\n\n\n\n<p><\/p>\n","protected":false},"excerpt":{"rendered":"<p>Juan Arcos Xalapa, Ver.- Los organizadores de la Xique\u00f1ada sustituyeron la suelta de toros por una ofrenda floral a Santa Mar\u00eda Magdalena, debido a la pandemia del SARS-COV-2 (COVID-19), evento que a\u00f1o tras a\u00f1o se hab\u00eda llevado a cabo el 22 de julio. De acuerdo con Rafael Guevara M\u00e1vil, presidente interino del Comit\u00e9 de la [&hellip;]<\/p>\n","protected":false},"author":1,"featured_media":4288,"comment_status":"open","ping_status":"open","sticky":false,"template":"","format":"standard","meta":{"_jetpack_memberships_contains_paid_content":false,"footnotes":""},"categories":[8],"tags":[],"class_list":["post-4287","post","type-post","status-publish","format-standard","has-post-thumbnail","hentry","category-region"],"jetpack_featured_media_url":"https:\/\/encuentroinformativo.com.mx\/wp-content\/uploads\/2020\/07\/032D7E5F-1036-4753-8273-D11BAE8243A3.jpeg","jetpack_sharing_enabled":true,"jetpack_likes_enabled":true,"amp_enabled":true,"_links":{"self":[{"href":"https:\/\/encuentroinformativo.com.mx\/index.php?rest_route=\/wp\/v2\/posts\/4287","targetHints":{"allow":["GET"]}}],"collection":[{"href":"https:\/\/encuentroinformativo.com.mx\/index.php?rest_route=\/wp\/v2\/posts"}],"about":[{"href":"https:\/\/encuentroinformativo.com.mx\/index.php?rest_route=\/wp\/v2\/types\/post"}],"author":[{"embeddable":true,"href":"https:\/\/encuentroinformativo.com.mx\/index.php?rest_route=\/wp\/v2\/users\/1"}],"replies":[{"embeddable":true,"href":"https:\/\/encuentroinformativo.com.mx\/index.php?rest_route=%2Fwp%2Fv2%2Fcomments&post=4287"}],"version-history":[{"count":1,"href":"https:\/\/encuentroinformativo.com.mx\/index.php?rest_route=\/wp\/v2\/posts\/4287\/revisions"}],"predecessor-version":[{"id":4289,"href":"https:\/\/encuentroinformativo.com.mx\/index.php?rest_route=\/wp\/v2\/posts\/4287\/revisions\/4289"}],"wp:featuredmedia":[{"embeddable":true,"href":"https:\/\/encuentroinformativo.com.mx\/index.php?rest_route=\/wp\/v2\/media\/4288"}],"wp:attachment":[{"href":"https:\/\/encuentroinformativo.com.mx\/index.php?rest_route=%2Fwp%2Fv2%2Fmedia&parent=4287"}],"wp:term":[{"taxonomy":"category","embeddable":true,"href":"https:\/\/encuentroinformativo.com.mx\/index.php?rest_route=%2Fwp%2Fv2%2Fcategories&post=4287"},{"taxonomy":"post_tag","embeddable":true,"href":"https:\/\/encuentroinformativo.com.mx\/index.php?rest_route=%2Fwp%2Fv2%2Ftags&post=4287"}],"curies":[{"name":"wp","href":"https:\/\/api.w.org\/{rel}","templated":true}]}}