{"id":42872,"date":"2023-07-15T16:23:58","date_gmt":"2023-07-15T22:23:58","guid":{"rendered":"https:\/\/encuentroinformativo.com.mx\/?p=42872"},"modified":"2023-07-15T16:24:03","modified_gmt":"2023-07-15T22:24:03","slug":"no-soy-una-mujer-que-se-doble-xochitl-galvez","status":"publish","type":"post","link":"https:\/\/encuentroinformativo.com.mx\/?p=42872","title":{"rendered":"No soy una mujer que se doble: X\u00f3chitl G\u00e1lvez"},"content":{"rendered":"\n<p><strong>Dario Pale <\/strong><\/p>\n\n\n\n<p>Xalapa, Ver.- Si el gobernador de Veracruz Cuitl\u00e1huac Garc\u00eda Jim\u00e9nez repite mentiras del presidente de M\u00e9xico Andr\u00e9s Manuel L\u00f3pez Obrador, tambi\u00e9n lo denunciar\u00e1, as\u00ed lo informo la aspirante a la presidencia de la Rep\u00fablica, X\u00f3chitl G\u00e1lvez.<\/p>\n\n\n\n<p>En conferencia de prensa advirti\u00f3 que denunciar\u00e1 al gobernador si es que repiti\u00f3 las mentiras del presidente AMLO sobre los supuestos contratos millonarios para sus empresas.<\/p>\n\n\n\n<p>Sostuvo que el Ejecutivo est\u00e1 &#8220;apanicado&#8221;, tiene miedo porque no pensaba enfrentar a una mujer de los &#8220;tama\u00f1os&#8221; de ella.<\/p>\n\n\n\n<p>Reiter\u00f3 que no se dobla, tiene experiencia, da resultados y es valiente.<\/p>\n\n\n\n<p>Fue as\u00ed que reiter\u00f3 que todas esas falsedades que se han venido diciendo contra ella, las denunciar\u00e1 penalmente.<\/p>\n\n\n\n<p>Adem\u00e1s, asegur\u00f3 que ella no es una mujer que robe como la secretaria de Energ\u00eda, Roc\u00edo Nahle.<br>&#8220;Si el Gobernador repite falsedades (lo denunciar\u00e1). Mi empresa no tiene mil 400 millones de pesos de contratos con el Gobierno. No los tiene. Mi empresa tiene 31 a\u00f1os de fundada. Yo soy una mujer que trabaja, no soy una mujer que roba como los colaboradores, como la Roc\u00edo Nahle ah\u00ed en Dos Bocas&#8221;, expres\u00f3.<br>Y es que refiri\u00f3 que la construcci\u00f3n de la refiner\u00eda de Dos Bocas iba a costar 8 mil millones de d\u00f3lares, pero llevan invertidos 18 mil millones de d\u00f3lares.<\/p>\n\n\n\n<p>&#8220;De todas maneras voy a denunciar y voy a checar lo que puso el Gobernador, d\u00e9jame checar, no s\u00e9 que puso, pero lo que s\u00ed es cierto es que quien cometi\u00f3 un delito fiscal es el presidente de la Rep\u00fablica&#8221;, se\u00f1al\u00f3.<\/p>\n\n\n\n<p>&#8220;El Presidente hizo uso de su poder para pedirle al secretario de Hacienda que le entregara informaci\u00f3n confidencial de una empresa privada&#8221;, agrego.<\/p>\n\n\n\n<p>En ese sentido, mencion\u00f3 que el Ejecutivo federal puede pedir informaci\u00f3n p\u00fablica, de sus contratos con el Gobierno porque son p\u00fablicos, pero no tiene derecho a exhibir la informaci\u00f3n de sus clientes, porque eso es violar el secreto fiscal, los cual no le permitir\u00e1 al Mandatario.<\/p>\n\n\n\n<p>Hay que recordar que el Presidente la acus\u00f3 de recibir contratos en los \u00faltimos nueve a\u00f1os por unos mil 400 millones de pesos.<\/p>\n\n\n\n<p>Fue as\u00ed que el gobernador Cuitl\u00e1huac Garc\u00eda poste\u00f3 en sus redes sociales que: de la informaci\u00f3n que publica hoy el Presidente de la Rep\u00fablica se advierte lo siguiente:<\/p>\n\n\n\n<p>1. La candidata X. del Sr. X, bien metida en los contratos millonarios al amparo del poder \u00a1huele a mega corrupci\u00f3n!<br>2. La derecha conservadora callar\u00e1 la cloaca donde est\u00e1 metida la candidata X. del Sr X, porque prevalece la hipocres\u00eda.<br>3. Por cierto, muy interesante la respuesta de la candidata X del Sr. X: no dice que no lo hizo, si no que da a entender que no fue tanto \u00bfSe deduce seg\u00fan su decir que es \u201csolo\u201d poquito corrupta? \u00bfO de cu\u00e1ntos cientos de millones fueron sus contratos?<\/p>\n\n\n\n<p>X\u00f3chitl G\u00e1lvez inform\u00f3 que estar\u00e1 en Xalapa, luego se trasladar\u00e1 a Veracruz y, posteriormente ir\u00e1 a Tabasco, a Dos Bocas.<\/p>\n\n\n\n<p>Coment\u00f3 que una vez que sea la coordinadora del Frente Amplio recorrer\u00e1 los municipios del Estado.<\/p>\n\n\n\n<p>Puntualiz\u00f3 que el d\u00eda 3 de septiembre ser\u00eda nombrada ya la coordinadora del Frente con base en la votaci\u00f3n, posteriormente, podr\u00e1 iniciar el proceso de precampa\u00f1a en el mes de febrero del a\u00f1o que entra.<\/p>\n\n\n\n<p>Finalmente se\u00f1al\u00f3 que durante una conferencia de prensa en conocido caf\u00e9 de la capital, record\u00f3 que algunos de los otros aspirantes del Frente Amplio son Beatriz Paredes, Miguel \u00c1ngela Mancera, Santiago Creel, Enrique de la Madrid, Silvana Aureoles, entre otros personajes.<\/p>\n","protected":false},"excerpt":{"rendered":"<p>Dario Pale Xalapa, Ver.- Si el gobernador de Veracruz Cuitl\u00e1huac Garc\u00eda Jim\u00e9nez repite mentiras del presidente de M\u00e9xico Andr\u00e9s Manuel L\u00f3pez Obrador, tambi\u00e9n lo denunciar\u00e1, as\u00ed lo informo la aspirante a la presidencia de la Rep\u00fablica, X\u00f3chitl G\u00e1lvez. En conferencia de prensa advirti\u00f3 que denunciar\u00e1 al gobernador si es que repiti\u00f3 las mentiras del presidente [&hellip;]<\/p>\n","protected":false},"author":2476,"featured_media":42873,"comment_status":"open","ping_status":"open","sticky":false,"template":"","format":"standard","meta":{"_jetpack_memberships_contains_paid_content":false,"footnotes":""},"categories":[2],"tags":[],"class_list":["post-42872","post","type-post","status-publish","format-standard","has-post-thumbnail","hentry","category-estado"],"jetpack_featured_media_url":"https:\/\/encuentroinformativo.com.mx\/wp-content\/uploads\/2023\/07\/IMG-20230715-WA00332.jpg","jetpack_sharing_enabled":true,"jetpack_likes_enabled":true,"amp_enabled":true,"_links":{"self":[{"href":"https:\/\/encuentroinformativo.com.mx\/index.php?rest_route=\/wp\/v2\/posts\/42872","targetHints":{"allow":["GET"]}}],"collection":[{"href":"https:\/\/encuentroinformativo.com.mx\/index.php?rest_route=\/wp\/v2\/posts"}],"about":[{"href":"https:\/\/encuentroinformativo.com.mx\/index.php?rest_route=\/wp\/v2\/types\/post"}],"author":[{"embeddable":true,"href":"https:\/\/encuentroinformativo.com.mx\/index.php?rest_route=\/wp\/v2\/users\/2476"}],"replies":[{"embeddable":true,"href":"https:\/\/encuentroinformativo.com.mx\/index.php?rest_route=%2Fwp%2Fv2%2Fcomments&post=42872"}],"version-history":[{"count":1,"href":"https:\/\/encuentroinformativo.com.mx\/index.php?rest_route=\/wp\/v2\/posts\/42872\/revisions"}],"predecessor-version":[{"id":42874,"href":"https:\/\/encuentroinformativo.com.mx\/index.php?rest_route=\/wp\/v2\/posts\/42872\/revisions\/42874"}],"wp:featuredmedia":[{"embeddable":true,"href":"https:\/\/encuentroinformativo.com.mx\/index.php?rest_route=\/wp\/v2\/media\/42873"}],"wp:attachment":[{"href":"https:\/\/encuentroinformativo.com.mx\/index.php?rest_route=%2Fwp%2Fv2%2Fmedia&parent=42872"}],"wp:term":[{"taxonomy":"category","embeddable":true,"href":"https:\/\/encuentroinformativo.com.mx\/index.php?rest_route=%2Fwp%2Fv2%2Fcategories&post=42872"},{"taxonomy":"post_tag","embeddable":true,"href":"https:\/\/encuentroinformativo.com.mx\/index.php?rest_route=%2Fwp%2Fv2%2Ftags&post=42872"}],"curies":[{"name":"wp","href":"https:\/\/api.w.org\/{rel}","templated":true}]}}