{"id":42875,"date":"2023-07-15T20:31:43","date_gmt":"2023-07-16T02:31:43","guid":{"rendered":"https:\/\/encuentroinformativo.com.mx\/?p=42875"},"modified":"2023-07-15T20:31:47","modified_gmt":"2023-07-16T02:31:47","slug":"panuco-refrenda-compromiso-de-unidad-en-foro-de-expresion-del-pueblo","status":"publish","type":"post","link":"https:\/\/encuentroinformativo.com.mx\/?p=42875","title":{"rendered":"P\u00e1nuco refrenda compromiso de unidad en &#8220;Foro de Expresi\u00f3n del Pueblo&#8221;"},"content":{"rendered":"\n<p>P\u00e1nuco, Ver.- En el Foro de Expresi\u00f3n \u201cLa Cuarta Transformaci\u00f3n y hacia d\u00f3nde vamos\u201d realizado este d\u00eda en P\u00e1nuco, decenas de hombres y mujeres part\u00edcipes refrendaron su compromiso de unidad, lucha y esfuerzo por el Gobierno encabezado por el Presidente Andr\u00e9s Manuel Lopez Obrador y Gobernador Cuitl\u00e1huac Garc\u00eda Jim\u00e9nez\u201d.<\/p>\n\n\n\n<p>En entrevista, el l\u00edder de Unidos Todos, Mtro. Eleazar Guerrero P\u00e9rez dijo: \u201cNos motiva mucho porque la gente est\u00e1 muy metida en los temas del movimiento. Hay que estar interactuando con ellos, no podemos estar quietos, si no, no ser\u00eda un movimiento\u201d.<\/p>\n\n\n\n<p>Es un proceso la Cuarta Transformaci\u00f3n, por eso, es importante, los j\u00f3venes, el concepto que tienen de la vida, canalizado gracias al movimiento, se\u00f1al\u00f3 durante su intervenci\u00f3n ante los panuquenses.<\/p>\n\n\n\n<p>\u201cLos j\u00f3venes ya no son el futuro, son el presente\u201d, alarde\u00f3 ante el p\u00fablico presente.<\/p>\n\n\n\n<p>Ante los se\u00f1alamientos de una posible candidatura dijo que no los mueve un puesto sino trascender el movimiento de la Cuarta Transformaci\u00f3n. Afirmando que las pol\u00edticas p\u00fablicas hoy s\u00ed lleguen a la gente adem\u00e1s de contribuir y apoyar para superar los estados de pobrezas.<\/p>\n\n\n\n<p>Eleazar Guerrero P\u00e9rez, en su discurso mencion\u00f3 lo importante de recordar la pandemia, y pese a esto nuestro Pa\u00eds ha prosperado gracias a la Cuarta Transformaci\u00f3n.<\/p>\n\n\n\n<p>\u201cNuestros adversarios, dec\u00edan que con la llegada de Andr\u00e9s Manuel L\u00f3pez Obrador \u00edbamos a vivir crisis, nada de eso ha pasado, por eso estos foros son importantes\u201d, enfatiz\u00f3.<\/p>\n\n\n\n<p>Record\u00f3 sobre el aumento al salario m\u00ednimo que ha beneficiado al pa\u00eds y se ve reflejado en el bienestar de las familias, gracias al Gobierno de la 4T y el inter\u00e9s de la pol\u00edtica social y el impacto positivo en la gente.<\/p>\n\n\n\n<p>Finalmente Guerrero P\u00e9rez envi\u00f3 un mensaje a los y las veracruzanos de continuar confiando en la Cuarta Transformaci\u00f3n.<\/p>\n\n\n\n<figure class=\"wp-block-image size-large\"><img loading=\"lazy\" decoding=\"async\" width=\"1024\" height=\"577\" src=\"https:\/\/encuentroinformativo.com.mx\/wp-content\/uploads\/2023\/07\/IMG-20230715-WA00712-1024x577.jpg\" alt=\"\" class=\"wp-image-42877\" srcset=\"https:\/\/encuentroinformativo.com.mx\/wp-content\/uploads\/2023\/07\/IMG-20230715-WA00712-1024x577.jpg 1024w, https:\/\/encuentroinformativo.com.mx\/wp-content\/uploads\/2023\/07\/IMG-20230715-WA00712-300x169.jpg 300w, https:\/\/encuentroinformativo.com.mx\/wp-content\/uploads\/2023\/07\/IMG-20230715-WA00712-768x432.jpg 768w, https:\/\/encuentroinformativo.com.mx\/wp-content\/uploads\/2023\/07\/IMG-20230715-WA00712-1536x865.jpg 1536w, https:\/\/encuentroinformativo.com.mx\/wp-content\/uploads\/2023\/07\/IMG-20230715-WA00712.jpg 1600w\" sizes=\"auto, (max-width: 1024px) 100vw, 1024px\" \/><\/figure>\n","protected":false},"excerpt":{"rendered":"<p>P\u00e1nuco, Ver.- En el Foro de Expresi\u00f3n \u201cLa Cuarta Transformaci\u00f3n y hacia d\u00f3nde vamos\u201d realizado este d\u00eda en P\u00e1nuco, decenas de hombres y mujeres part\u00edcipes refrendaron su compromiso de unidad, lucha y esfuerzo por el Gobierno encabezado por el Presidente Andr\u00e9s Manuel Lopez Obrador y Gobernador Cuitl\u00e1huac Garc\u00eda Jim\u00e9nez\u201d. En entrevista, el l\u00edder de Unidos [&hellip;]<\/p>\n","protected":false},"author":2476,"featured_media":42876,"comment_status":"open","ping_status":"open","sticky":false,"template":"","format":"standard","meta":{"_jetpack_memberships_contains_paid_content":false,"footnotes":""},"categories":[2],"tags":[],"class_list":["post-42875","post","type-post","status-publish","format-standard","has-post-thumbnail","hentry","category-estado"],"jetpack_featured_media_url":"https:\/\/encuentroinformativo.com.mx\/wp-content\/uploads\/2023\/07\/IMG-20230715-WA00702.jpg","jetpack_sharing_enabled":true,"jetpack_likes_enabled":true,"amp_enabled":true,"_links":{"self":[{"href":"https:\/\/encuentroinformativo.com.mx\/index.php?rest_route=\/wp\/v2\/posts\/42875","targetHints":{"allow":["GET"]}}],"collection":[{"href":"https:\/\/encuentroinformativo.com.mx\/index.php?rest_route=\/wp\/v2\/posts"}],"about":[{"href":"https:\/\/encuentroinformativo.com.mx\/index.php?rest_route=\/wp\/v2\/types\/post"}],"author":[{"embeddable":true,"href":"https:\/\/encuentroinformativo.com.mx\/index.php?rest_route=\/wp\/v2\/users\/2476"}],"replies":[{"embeddable":true,"href":"https:\/\/encuentroinformativo.com.mx\/index.php?rest_route=%2Fwp%2Fv2%2Fcomments&post=42875"}],"version-history":[{"count":1,"href":"https:\/\/encuentroinformativo.com.mx\/index.php?rest_route=\/wp\/v2\/posts\/42875\/revisions"}],"predecessor-version":[{"id":42878,"href":"https:\/\/encuentroinformativo.com.mx\/index.php?rest_route=\/wp\/v2\/posts\/42875\/revisions\/42878"}],"wp:featuredmedia":[{"embeddable":true,"href":"https:\/\/encuentroinformativo.com.mx\/index.php?rest_route=\/wp\/v2\/media\/42876"}],"wp:attachment":[{"href":"https:\/\/encuentroinformativo.com.mx\/index.php?rest_route=%2Fwp%2Fv2%2Fmedia&parent=42875"}],"wp:term":[{"taxonomy":"category","embeddable":true,"href":"https:\/\/encuentroinformativo.com.mx\/index.php?rest_route=%2Fwp%2Fv2%2Fcategories&post=42875"},{"taxonomy":"post_tag","embeddable":true,"href":"https:\/\/encuentroinformativo.com.mx\/index.php?rest_route=%2Fwp%2Fv2%2Ftags&post=42875"}],"curies":[{"name":"wp","href":"https:\/\/api.w.org\/{rel}","templated":true}]}}