{"id":42891,"date":"2023-07-16T16:13:01","date_gmt":"2023-07-16T22:13:01","guid":{"rendered":"https:\/\/encuentroinformativo.com.mx\/?p=42891"},"modified":"2023-07-16T16:13:06","modified_gmt":"2023-07-16T22:13:06","slug":"soy-un-soldado-de-la-4t-guerrero-perez","status":"publish","type":"post","link":"https:\/\/encuentroinformativo.com.mx\/?p=42891","title":{"rendered":"Soy un soldado de la 4T: Guerrero P\u00e9rez"},"content":{"rendered":"\n<p>Tantoyuca, Ver.- En presencia de simpatizantes y ciudadanos comprometidos con la Transformaci\u00f3n de M\u00e9xico , se realiz\u00f3 el Foro de expresi\u00f3n ciudadana, &#8220;La Cuarta Transformaci\u00f3n y Hacia D\u00f3nde Vamos\u201d, el cual tiene como finalidad conocer los pensamientos de la poblaci\u00f3n en un ejercicio que aspira a escuchar los diferentes puntos de vista.<\/p>\n\n\n\n<p>Encabezando el foro, el. Maestro Eleazar Guerrero P\u00e9rez, l\u00edder de la Agrupaci\u00f3n Unidos Todos reconoci\u00f3 que las pol\u00edticas p\u00fablicas de la 4T tienen que ver con la gente y escucharlos con respecto a las acciones del gobierno.<\/p>\n\n\n\n<p>\u201cEl \u00e9xito del movimiento siempre ha sido estar pegado al pueblo, caminamos permanentemente y hoy queremos escucharlos en un foro donde se expresar\u00e1n libremente\u201d, asegur\u00f3.<\/p>\n\n\n\n<p>Al promover la 4T reconoci\u00f3 que su papel en el movimiento es el de un soldado, \u201cno hace falta ser diputado para seguir impulsando el movimiento de la transformaci\u00f3n, no aspiro a ning\u00fan cargo, acompa\u00f1ar\u00e9 a quien sea, soy un soldado de la Cuarta Transformaci\u00f3n\u201d, explic\u00f3.<\/p>\n\n\n\n<p>Durante su intervenci\u00f3n se dirigi\u00f3 a los asistentes y enlist\u00f3 los logros que han marcado la diferencia de actual administraci\u00f3n con los gobiernos anteriores, tal es el caso de las becas a los j\u00f3venes y la creaci\u00f3n de programas para atender a la poblaci\u00f3n de mayor vulnerabilidad.<\/p>\n\n\n\n<p>\u201cEn el 2024 tenemos que hacer que la transformaci\u00f3n camine m\u00e1s r\u00e1pido, pero tenemos que hacerlo juntos, vamos por el Plan C, ni un voto para los corruptos\u201d, puntualiz\u00f3.<\/p>\n\n\n\n<figure class=\"wp-block-image size-large\"><img loading=\"lazy\" decoding=\"async\" width=\"1024\" height=\"768\" src=\"https:\/\/encuentroinformativo.com.mx\/wp-content\/uploads\/2023\/07\/IMG-20230716-WA0021-1024x768.jpg\" alt=\"\" class=\"wp-image-42893\" srcset=\"https:\/\/encuentroinformativo.com.mx\/wp-content\/uploads\/2023\/07\/IMG-20230716-WA0021-1024x768.jpg 1024w, https:\/\/encuentroinformativo.com.mx\/wp-content\/uploads\/2023\/07\/IMG-20230716-WA0021-300x225.jpg 300w, https:\/\/encuentroinformativo.com.mx\/wp-content\/uploads\/2023\/07\/IMG-20230716-WA0021-768x576.jpg 768w, https:\/\/encuentroinformativo.com.mx\/wp-content\/uploads\/2023\/07\/IMG-20230716-WA0021-1536x1152.jpg 1536w, https:\/\/encuentroinformativo.com.mx\/wp-content\/uploads\/2023\/07\/IMG-20230716-WA0021.jpg 1600w\" sizes=\"auto, (max-width: 1024px) 100vw, 1024px\" \/><\/figure>\n","protected":false},"excerpt":{"rendered":"<p>Tantoyuca, Ver.- En presencia de simpatizantes y ciudadanos comprometidos con la Transformaci\u00f3n de M\u00e9xico , se realiz\u00f3 el Foro de expresi\u00f3n ciudadana, &#8220;La Cuarta Transformaci\u00f3n y Hacia D\u00f3nde Vamos\u201d, el cual tiene como finalidad conocer los pensamientos de la poblaci\u00f3n en un ejercicio que aspira a escuchar los diferentes puntos de vista. Encabezando el foro, [&hellip;]<\/p>\n","protected":false},"author":2476,"featured_media":42892,"comment_status":"open","ping_status":"open","sticky":false,"template":"","format":"standard","meta":{"_jetpack_memberships_contains_paid_content":false,"footnotes":""},"categories":[2],"tags":[],"class_list":["post-42891","post","type-post","status-publish","format-standard","has-post-thumbnail","hentry","category-estado"],"jetpack_featured_media_url":"https:\/\/encuentroinformativo.com.mx\/wp-content\/uploads\/2023\/07\/IMG-20230716-WA00222.jpg","jetpack_sharing_enabled":true,"jetpack_likes_enabled":true,"amp_enabled":true,"_links":{"self":[{"href":"https:\/\/encuentroinformativo.com.mx\/index.php?rest_route=\/wp\/v2\/posts\/42891","targetHints":{"allow":["GET"]}}],"collection":[{"href":"https:\/\/encuentroinformativo.com.mx\/index.php?rest_route=\/wp\/v2\/posts"}],"about":[{"href":"https:\/\/encuentroinformativo.com.mx\/index.php?rest_route=\/wp\/v2\/types\/post"}],"author":[{"embeddable":true,"href":"https:\/\/encuentroinformativo.com.mx\/index.php?rest_route=\/wp\/v2\/users\/2476"}],"replies":[{"embeddable":true,"href":"https:\/\/encuentroinformativo.com.mx\/index.php?rest_route=%2Fwp%2Fv2%2Fcomments&post=42891"}],"version-history":[{"count":1,"href":"https:\/\/encuentroinformativo.com.mx\/index.php?rest_route=\/wp\/v2\/posts\/42891\/revisions"}],"predecessor-version":[{"id":42894,"href":"https:\/\/encuentroinformativo.com.mx\/index.php?rest_route=\/wp\/v2\/posts\/42891\/revisions\/42894"}],"wp:featuredmedia":[{"embeddable":true,"href":"https:\/\/encuentroinformativo.com.mx\/index.php?rest_route=\/wp\/v2\/media\/42892"}],"wp:attachment":[{"href":"https:\/\/encuentroinformativo.com.mx\/index.php?rest_route=%2Fwp%2Fv2%2Fmedia&parent=42891"}],"wp:term":[{"taxonomy":"category","embeddable":true,"href":"https:\/\/encuentroinformativo.com.mx\/index.php?rest_route=%2Fwp%2Fv2%2Fcategories&post=42891"},{"taxonomy":"post_tag","embeddable":true,"href":"https:\/\/encuentroinformativo.com.mx\/index.php?rest_route=%2Fwp%2Fv2%2Ftags&post=42891"}],"curies":[{"name":"wp","href":"https:\/\/api.w.org\/{rel}","templated":true}]}}