{"id":42895,"date":"2023-07-16T23:03:39","date_gmt":"2023-07-17T05:03:39","guid":{"rendered":"https:\/\/encuentroinformativo.com.mx\/?p=42895"},"modified":"2023-07-16T23:03:43","modified_gmt":"2023-07-17T05:03:43","slug":"boca-del-rio-cuna-del-turismo-deportivo-en-veracruz-alcalde-jm-unanue","status":"publish","type":"post","link":"https:\/\/encuentroinformativo.com.mx\/?p=42895","title":{"rendered":"Boca del R\u00edo, cuna del turismo deportivo en Veracruz: Alcalde JM Un\u00e1nue"},"content":{"rendered":"\n<p><strong>*Cabe recordar que del 23 al 30 de julio, Boca del R\u00edo contar\u00e1 con un sin fin de actividades por las fiestas de Santa Ana 2023.<\/strong><\/p>\n\n\n\n<p>Boca del R\u00edo, Ver.- Como ya es costumbre, la ciudad de Boca del R\u00edo recibi\u00f3 a cientos de corredores para competir y convivir este fin de semana en dos distintas carreras, consolid\u00e1ndose as\u00ed como un referente en el turismo deportivo.<\/p>\n\n\n\n<p>Durante el fin de semana se vivi\u00f3 la Carrera Conmemorativa Santa Ana 2023 3K y 5K donde m\u00e1s de 400 participantes lograron obtener la medalla \u201cB\u201d de cuatro coleccionables que completar\u00e1 la palabra \u201cBOCA\u201d.<\/p>\n\n\n\n<p>En esta carrera pedestre participaron atletas provenientes de C\u00f3rdoba, Xalapa y de otros estados como Puebla, adem\u00e1s de municipios cercanos a Boca del R\u00edo y Veracruz, sum\u00e1ndose m\u00e1s de 400 corredores y mascotas.<\/p>\n\n\n\n<p>\u201cGracias a la confianza de todos los participantes en cada uno de los eventos deportivos que se realizan en Boca del R\u00edo, la ciudad se posiciona como la cuna del turismo deportivo en el estado, generando adem\u00e1s una importante derrama econ\u00f3mica en todos los sectores de la ciudad\u201d, indic\u00f3 el mun\u00edcipe boque\u00f1o.<\/p>\n\n\n\n<p>Un\u00e1nue Abascal, nuevamente hizo la invitaci\u00f3n a competir el 23 de julio en la segunda edici\u00f3n de la Carrera Conmemorativa Santa Ana 2023 3K y 5K, que permitir\u00e1 seguir con la colecci\u00f3n de las letras de BOCA, en esta ocasi\u00f3n corresponder\u00e1 la \u201cO\u201d.<\/p>\n\n\n\n<p><em>TRIATL\u00d3N FUGA A LA ISLA DE SACRIFICIOS<\/em><\/p>\n\n\n\n<p>Asimismo, este domingo cientos de atletas de diferentes partes del pa\u00eds participaron en la 11va. Edici\u00f3n del Triatl\u00f3n \u201cFuga a la Isla de Sacrificios\u201d, que se llev\u00f3 a cabo en las playas y bulevar de Boca del R\u00edo.<\/p>\n\n\n\n<p>Con estas competencias Boca del R\u00edo se consolida como un referente para el turismo deportivo, donde tambi\u00e9n m\u00e1s de 400 participantes hicieron presencia sum\u00e1ndose cuerpo t\u00e9cnico y familiares.<\/p>\n\n\n\n<p><em>ACTIVANDO EL CORAZ\u00d3N DE BOCA<\/em><\/p>\n\n\n\n<p>Para cerrar el fin de semana e impulsando la movilidad en la cabecera municipal, se respald\u00f3 el programa \u201cActivando el Coraz\u00f3n de Boca\u201d los d\u00edas s\u00e1bado y domingo, en el que participaron emprendedores, artesanos, m\u00fasicos y artistas.<\/p>\n\n\n\n<p>Realiz\u00e1ndose la presentaci\u00f3n del libro \u201cMemorias de secundaria\u201d, Dj con \u201cnoche retro\u201d, la obra de teatro \u201cEntre Walt y los recuerdos\u201d, m\u00fasica tradicional de marimba, Danz\u00f3n y la presentaci\u00f3n del payaso \u201cFarolito\u201d.<\/p>\n\n\n\n<p>Cabe recordar que del 23 al 30 de julio, Boca del R\u00edo contar\u00e1 con un sin fin de actividades por las fiestas de Santa Ana 2023.<\/p>\n","protected":false},"excerpt":{"rendered":"<p>*Cabe recordar que del 23 al 30 de julio, Boca del R\u00edo contar\u00e1 con un sin fin de actividades por las fiestas de Santa Ana 2023. Boca del R\u00edo, Ver.- Como ya es costumbre, la ciudad de Boca del R\u00edo recibi\u00f3 a cientos de corredores para competir y convivir este fin de semana en dos [&hellip;]<\/p>\n","protected":false},"author":2476,"featured_media":42896,"comment_status":"open","ping_status":"open","sticky":false,"template":"","format":"standard","meta":{"_jetpack_memberships_contains_paid_content":false,"footnotes":""},"categories":[2],"tags":[],"class_list":["post-42895","post","type-post","status-publish","format-standard","has-post-thumbnail","hentry","category-estado"],"jetpack_featured_media_url":"https:\/\/encuentroinformativo.com.mx\/wp-content\/uploads\/2023\/07\/IMG-20230716-WA00592.jpg","jetpack_sharing_enabled":true,"jetpack_likes_enabled":true,"amp_enabled":true,"_links":{"self":[{"href":"https:\/\/encuentroinformativo.com.mx\/index.php?rest_route=\/wp\/v2\/posts\/42895","targetHints":{"allow":["GET"]}}],"collection":[{"href":"https:\/\/encuentroinformativo.com.mx\/index.php?rest_route=\/wp\/v2\/posts"}],"about":[{"href":"https:\/\/encuentroinformativo.com.mx\/index.php?rest_route=\/wp\/v2\/types\/post"}],"author":[{"embeddable":true,"href":"https:\/\/encuentroinformativo.com.mx\/index.php?rest_route=\/wp\/v2\/users\/2476"}],"replies":[{"embeddable":true,"href":"https:\/\/encuentroinformativo.com.mx\/index.php?rest_route=%2Fwp%2Fv2%2Fcomments&post=42895"}],"version-history":[{"count":1,"href":"https:\/\/encuentroinformativo.com.mx\/index.php?rest_route=\/wp\/v2\/posts\/42895\/revisions"}],"predecessor-version":[{"id":42897,"href":"https:\/\/encuentroinformativo.com.mx\/index.php?rest_route=\/wp\/v2\/posts\/42895\/revisions\/42897"}],"wp:featuredmedia":[{"embeddable":true,"href":"https:\/\/encuentroinformativo.com.mx\/index.php?rest_route=\/wp\/v2\/media\/42896"}],"wp:attachment":[{"href":"https:\/\/encuentroinformativo.com.mx\/index.php?rest_route=%2Fwp%2Fv2%2Fmedia&parent=42895"}],"wp:term":[{"taxonomy":"category","embeddable":true,"href":"https:\/\/encuentroinformativo.com.mx\/index.php?rest_route=%2Fwp%2Fv2%2Fcategories&post=42895"},{"taxonomy":"post_tag","embeddable":true,"href":"https:\/\/encuentroinformativo.com.mx\/index.php?rest_route=%2Fwp%2Fv2%2Ftags&post=42895"}],"curies":[{"name":"wp","href":"https:\/\/api.w.org\/{rel}","templated":true}]}}