{"id":42898,"date":"2023-07-17T09:17:34","date_gmt":"2023-07-17T15:17:34","guid":{"rendered":"https:\/\/encuentroinformativo.com.mx\/?p=42898"},"modified":"2023-07-17T09:17:37","modified_gmt":"2023-07-17T15:17:37","slug":"xochitl-y-julen","status":"publish","type":"post","link":"https:\/\/encuentroinformativo.com.mx\/?p=42898","title":{"rendered":"X\u00d3CHITL Y JULEN"},"content":{"rendered":"\n<p><strong>Los Pol\u00edticos<\/strong><\/p>\n\n\n\n<p><strong>Salvador Mu\u00f1oz<\/strong><\/p>\n\n\n\n<p>Este fin de semana, el panismo veracruzano estuvo de fiesta como hace rato no lo estaba. Creo que a nadie le cabe duda que X\u00f3chitl G\u00e1lvez vino a darle al blanquiazul, un impulso extraordinario, no s\u00e9 si desproporcionado, pero lo suficientemente como para poner hoy por hoy, a la Oposici\u00f3n en la contienda, quiz\u00e1s no en las mismas condiciones econ\u00f3micas que el partido en el poder, pero en lo que es el \u00e1nimo partidista, del militante, y por qu\u00e9 no decir, en el ciudadano, el de a pie, ah\u00ed sembr\u00f3, y guste o no, la Xochitlman\u00eda peg\u00f3 y es posible que siga creciendo con ese \u00edmpetu alegre, respond\u00f3n y bullanguero que caracteriza a la Senadora, mismo que contagia al grado de que hay quienes ven esta futura contienda a X\u00f3chitl enfrentando a AMLO\u2026 ni siquiera a cualquiera de sus corcholatas\u2026<\/p>\n\n\n\n<p>Pero si la visita que hizo X\u00f3chitl a Xalapa y Veracruz vino a prender el \u00e1nimo entre los panistas, pri\u00edstas, perredistas y hasta ciudadanos, es innegable no reconocer tambi\u00e9n que su presencia igual alborot\u00f3 el gallinero pol\u00edtico azul por todo lo que implica en este momento su figura con miras al 2024\u2026 Pero vayamos por partes.<\/p>\n\n\n\n<p>Con su singular estilo de hacer pol\u00edtica, la hidalguense se pase\u00f3 y place\u00f3 por la capital veracruzana y el puerto jarocho.<\/p>\n\n\n\n<p>En ambas sedes, la organizaci\u00f3n y la convocatoria estuvieron de muy buen nivel. Salud\u00f3 a todo aqu\u00e9l que se le acerc\u00f3 y estuvo accesible a tomarse la cl\u00e1sica selfie hasta con \u201cJuan de las Pitas\u201d, a tal grado que las redes sociales se vieron inundadas este fin de semana por panistas, pri\u00edstas y ciudadanos que no tuvieron empacho en presumir la foto con la \u201crock star pol\u00edtica\u201d del momento.<\/p>\n\n\n\n<p>Es m\u00e1s que claro que X\u00f3chitl G\u00e1lvez vive al m\u00e1ximo este momento y hace que la gente igual lo sienta\u2026 \u00a1X\u00f3chitl conecta con la militancia! Y si a su don de gente se le agrega esa cr\u00edtica \u00e1cida, certera, punzante, concisa a los inquilinos de Palacio de Gobierno, \u00a1el revuelo fue total!<\/p>\n\n\n\n<p>S\u00ed, se debe decir que la gira de X\u00f3chitl este fin de semana en Veracruz fue un \u00e9xito total para ella y de paso, para los organizadores\u2026 \u00a1y claro! Como suele ocurrir en estos grandes eventos y m\u00e1s de car\u00e1cter pol\u00edtico, hay quienes ya se pararon el cuello o presumen con sombrero ajeno la log\u00edstica, organizaci\u00f3n y convocatoria de las reuniones sostenidas de X\u00f3chitl, quien sin sutilezas, como es ella, expuso con qui\u00e9n jala, qui\u00e9n es su \u201ccuaderno\u201d&#8230; en qui\u00e9n conf\u00eda.<\/p>\n\n\n\n<p>Por eso, la hidalguense cerr\u00f3 su gira con una cena muy en corto en la casa de Julen Rementer\u00eda del Puerto, en donde estuvo presente la crema y nata del PAN veracruzano.<\/p>\n\n\n\n<p>Para nadie es un secreto que a ambos los une una estrecha amistad y diversas historias de batallas pol\u00edticas y legislativas conjuntas, no s\u00f3lo de ahora en la C\u00e1mara Alta\u2026 es decir, su amistad no es por moda pol\u00edtica\u2026 no es por la Xochitlman\u00eda\u2026 \u00a1ya le cuelga!<\/p>\n\n\n\n<p>Y ojo! porque en el mismo sentido que la figura de X\u00f3chitl crezca, al menos en Veracruz, puede que sea en la misma proporci\u00f3n que tambi\u00e9n crezca la de Julen Rementer\u00eda\u2026 La estrecha relaci\u00f3n de G\u00e1lvez con Rementer\u00eda abona sobremanera al proyecto pol\u00edtico-electoral del porte\u00f1o.<\/p>\n\n\n\n<p>Por eso, podr\u00e1n decir misa, adjudicarse lo que quieran, tomarse la foto con ella, presumirla en las redes, pero hay que dejar en claro algo\u2026 la gira por Veracruz, X\u00f3chitl no la termin\u00f3 con una cena muy petit comit\u00e9 en casa de los Rementer\u00eda\u2026 la senadora, virtual abanderada de la alianza opositora, la cerr\u00f3 al lado de Julen.<\/p>\n","protected":false},"excerpt":{"rendered":"<p>Los Pol\u00edticos Salvador Mu\u00f1oz Este fin de semana, el panismo veracruzano estuvo de fiesta como hace rato no lo estaba. Creo que a nadie le cabe duda que X\u00f3chitl G\u00e1lvez vino a darle al blanquiazul, un impulso extraordinario, no s\u00e9 si desproporcionado, pero lo suficientemente como para poner hoy por hoy, a la Oposici\u00f3n en [&hellip;]<\/p>\n","protected":false},"author":2476,"featured_media":387,"comment_status":"open","ping_status":"open","sticky":false,"template":"","format":"standard","meta":{"_jetpack_memberships_contains_paid_content":false,"footnotes":""},"categories":[11],"tags":[],"class_list":["post-42898","post","type-post","status-publish","format-standard","has-post-thumbnail","hentry","category-opinion"],"jetpack_featured_media_url":"https:\/\/encuentroinformativo.com.mx\/wp-content\/uploads\/2020\/03\/7CF8A22B-2764-47BE-8F7F-38FE9E5D6A2F.jpeg","jetpack_sharing_enabled":true,"jetpack_likes_enabled":true,"amp_enabled":true,"_links":{"self":[{"href":"https:\/\/encuentroinformativo.com.mx\/index.php?rest_route=\/wp\/v2\/posts\/42898","targetHints":{"allow":["GET"]}}],"collection":[{"href":"https:\/\/encuentroinformativo.com.mx\/index.php?rest_route=\/wp\/v2\/posts"}],"about":[{"href":"https:\/\/encuentroinformativo.com.mx\/index.php?rest_route=\/wp\/v2\/types\/post"}],"author":[{"embeddable":true,"href":"https:\/\/encuentroinformativo.com.mx\/index.php?rest_route=\/wp\/v2\/users\/2476"}],"replies":[{"embeddable":true,"href":"https:\/\/encuentroinformativo.com.mx\/index.php?rest_route=%2Fwp%2Fv2%2Fcomments&post=42898"}],"version-history":[{"count":1,"href":"https:\/\/encuentroinformativo.com.mx\/index.php?rest_route=\/wp\/v2\/posts\/42898\/revisions"}],"predecessor-version":[{"id":42899,"href":"https:\/\/encuentroinformativo.com.mx\/index.php?rest_route=\/wp\/v2\/posts\/42898\/revisions\/42899"}],"wp:featuredmedia":[{"embeddable":true,"href":"https:\/\/encuentroinformativo.com.mx\/index.php?rest_route=\/wp\/v2\/media\/387"}],"wp:attachment":[{"href":"https:\/\/encuentroinformativo.com.mx\/index.php?rest_route=%2Fwp%2Fv2%2Fmedia&parent=42898"}],"wp:term":[{"taxonomy":"category","embeddable":true,"href":"https:\/\/encuentroinformativo.com.mx\/index.php?rest_route=%2Fwp%2Fv2%2Fcategories&post=42898"},{"taxonomy":"post_tag","embeddable":true,"href":"https:\/\/encuentroinformativo.com.mx\/index.php?rest_route=%2Fwp%2Fv2%2Ftags&post=42898"}],"curies":[{"name":"wp","href":"https:\/\/api.w.org\/{rel}","templated":true}]}}