{"id":4290,"date":"2020-07-21T16:26:40","date_gmt":"2020-07-21T21:26:40","guid":{"rendered":"https:\/\/encuentroinformativo.com\/?p=4290"},"modified":"2020-07-21T16:27:11","modified_gmt":"2020-07-21T21:27:11","slug":"reclama-senador-falta-de-apoyos-para-desempleados","status":"publish","type":"post","link":"https:\/\/encuentroinformativo.com.mx\/?p=4290","title":{"rendered":"Reclama senador falta de apoyos para desempleados"},"content":{"rendered":"\n<p><strong>Juan Arcos <\/strong><\/p>\n\n\n\n<p>Xalapa, Ver.- La bancada panista en el Senado de la Rep\u00fablica reprob\u00f3 que no se haya tomado en cuenta el Ingreso B\u00e1sico Universal, para apoyar a los m\u00e1s de 12 millones de mexicanos que se han quedado sin empleo y perdido sus ingresos por la pandemia del SARS-COV-2 (COVID-19).<\/p>\n\n\n\n<p>As\u00ed lo dio a conocer el senador Julen Rementer\u00eda del Puerto, quien a\u00f1adi\u00f3 que lo legisladores del Movimiento de Regeneraci\u00f3n Nacional (Morena) parecieran no tener inter\u00e9s en apoyar a la poblaci\u00f3n m\u00e1s vulnerable.<\/p>\n\n\n\n<p>\u201cHay 12 millones de personas sin empleo que este gobierno no ha querido apoyar, datos de los mismos organismos p\u00fablicos de la 4T, en lugar de venir aqu\u00ed a ver c\u00f3mo hacer para ayudar, se viene a justificar por qu\u00e9 no se les ayud\u00f3 en las pasadas administraciones\u201d.<\/p>\n\n\n\n<p>En sesi\u00f3n de la Comisi\u00f3n Permanente, el Legislador del Partido Acci\u00f3n Nacional (PAN) vot\u00f3 en contra del decreto que convoca a la C\u00e1mara de Senadores a un segundo periodo de sesiones extraordinario, donde se excluy\u00f3 el apoyo a los mexicanos que se han visto afectados econ\u00f3micamente por la contingencia sanitaria.<\/p>\n\n\n\n<p>\u201cLo que est\u00e1 claro es que ustedes no est\u00e1n haciendo bien, tenemos lo que est\u00e1 pasando, se dice que no hay deuda, por favor, no enga\u00f1en a la gente, hoy la deuda ha crecido much\u00edsimo en proporci\u00f3n del PIB, representa mucho m\u00e1s de lo que era antes la econom\u00eda en nuestro pa\u00eds; y hoy no vemos condiciones de ir a un periodo extraordinario sin resolver las necesidades de millones de mexicanos\u201d.\u00a0<\/p>\n\n\n\n<p>Rementer\u00eda del Puerto record\u00f3 que la mayor\u00eda de los mexicanos votaron por el gobierno actual y est\u00e1 a la espera de un apoyo por la dif\u00edcil situaci\u00f3n actual que enfrentan las familias.<\/p>\n\n\n\n<p>\u201c\u00bfD\u00f3nde est\u00e1 esa oferta del presidente apenas hace unas cuantas semanas, que iba a crear dos millones de empleos en este a\u00f1o?, \u00a1mentira!, est\u00e1 por acabar el mes de julio y no es cierto, siguen cayendo los empleos, no nos rasguemos las vestiduras, los que mienten y los que enga\u00f1an al pueblo no est\u00e1n del lado del PAN, est\u00e1n del lado de la mayor\u00eda, de ustedes\u201d, remat\u00f3 el Senador panista.<\/p>\n","protected":false},"excerpt":{"rendered":"<p>Juan Arcos Xalapa, Ver.- La bancada panista en el Senado de la Rep\u00fablica reprob\u00f3 que no se haya tomado en cuenta el Ingreso B\u00e1sico Universal, para apoyar a los m\u00e1s de 12 millones de mexicanos que se han quedado sin empleo y perdido sus ingresos por la pandemia del SARS-COV-2 (COVID-19). As\u00ed lo dio a [&hellip;]<\/p>\n","protected":false},"author":1,"featured_media":3769,"comment_status":"open","ping_status":"open","sticky":false,"template":"","format":"standard","meta":{"_jetpack_memberships_contains_paid_content":false,"footnotes":""},"categories":[12],"tags":[],"class_list":["post-4290","post","type-post","status-publish","format-standard","has-post-thumbnail","hentry","category-nacional"],"jetpack_featured_media_url":"https:\/\/encuentroinformativo.com.mx\/wp-content\/uploads\/2020\/07\/87FE161D-AF4E-45FE-83B3-439E209413C8.jpeg","jetpack_sharing_enabled":true,"jetpack_likes_enabled":true,"amp_enabled":true,"_links":{"self":[{"href":"https:\/\/encuentroinformativo.com.mx\/index.php?rest_route=\/wp\/v2\/posts\/4290","targetHints":{"allow":["GET"]}}],"collection":[{"href":"https:\/\/encuentroinformativo.com.mx\/index.php?rest_route=\/wp\/v2\/posts"}],"about":[{"href":"https:\/\/encuentroinformativo.com.mx\/index.php?rest_route=\/wp\/v2\/types\/post"}],"author":[{"embeddable":true,"href":"https:\/\/encuentroinformativo.com.mx\/index.php?rest_route=\/wp\/v2\/users\/1"}],"replies":[{"embeddable":true,"href":"https:\/\/encuentroinformativo.com.mx\/index.php?rest_route=%2Fwp%2Fv2%2Fcomments&post=4290"}],"version-history":[{"count":1,"href":"https:\/\/encuentroinformativo.com.mx\/index.php?rest_route=\/wp\/v2\/posts\/4290\/revisions"}],"predecessor-version":[{"id":4291,"href":"https:\/\/encuentroinformativo.com.mx\/index.php?rest_route=\/wp\/v2\/posts\/4290\/revisions\/4291"}],"wp:featuredmedia":[{"embeddable":true,"href":"https:\/\/encuentroinformativo.com.mx\/index.php?rest_route=\/wp\/v2\/media\/3769"}],"wp:attachment":[{"href":"https:\/\/encuentroinformativo.com.mx\/index.php?rest_route=%2Fwp%2Fv2%2Fmedia&parent=4290"}],"wp:term":[{"taxonomy":"category","embeddable":true,"href":"https:\/\/encuentroinformativo.com.mx\/index.php?rest_route=%2Fwp%2Fv2%2Fcategories&post=4290"},{"taxonomy":"post_tag","embeddable":true,"href":"https:\/\/encuentroinformativo.com.mx\/index.php?rest_route=%2Fwp%2Fv2%2Ftags&post=4290"}],"curies":[{"name":"wp","href":"https:\/\/api.w.org\/{rel}","templated":true}]}}