{"id":42903,"date":"2023-07-16T21:15:00","date_gmt":"2023-07-17T03:15:00","guid":{"rendered":"https:\/\/encuentroinformativo.com.mx\/?p=42903"},"modified":"2023-07-17T10:17:34","modified_gmt":"2023-07-17T16:17:34","slug":"marchan-en-bulevar-de-veracruz-comunidad-lgbt","status":"publish","type":"post","link":"https:\/\/encuentroinformativo.com.mx\/?p=42903","title":{"rendered":"Marchan en bulevar de Veracruz comunidad LGBT"},"content":{"rendered":"\n<p><strong>Alejandro \u00c1vila<\/strong><\/p>\n\n\n\n<p><strong>Foto: <\/strong>F\u00e9lix M\u00e1rquez\/Cortes\u00eda <\/p>\n\n\n\n<p>Veracruz, Ver.- La comunidad LGBT de la zona conurbada Veracruz &#8211; Boca del R\u00edo realiz\u00f3 una marcha la tarde de este domingo por el bulevar &#8220;Manuel \u00c1vila Camacho&#8221; en conmemoraci\u00f3n del mes del orgullo gay.<\/p>\n\n\n\n<p>El contingente parti\u00f3 de un conocido hotel en el municipio de Boca del R\u00edo con destino a la Plaza del Magisterio en el municipio de Veracruz.<\/p>\n\n\n\n<p>Las banderas arcoiris inundaron el boulevard a su paso, ondeando orgullosas sus colores.<\/p>\n\n\n\n<p>Vianey Jeffrey, una de las representantes del comit\u00e9 organizador del desfile, record\u00f3 que el a\u00f1o pasado participaron 2 mil personas y agreg\u00f3 que este a\u00f1o aparentemente superaron esa cifra.<\/p>\n\n\n\n<p>La marcha, dijo, tiene como objetivo visibilizar los derechos de la comunidad LGBTI en un ambiente de paz y familiar.<\/p>\n","protected":false},"excerpt":{"rendered":"<p>Alejandro \u00c1vila Foto: F\u00e9lix M\u00e1rquez\/Cortes\u00eda Veracruz, Ver.- La comunidad LGBT de la zona conurbada Veracruz &#8211; Boca del R\u00edo realiz\u00f3 una marcha la tarde de este domingo por el bulevar &#8220;Manuel \u00c1vila Camacho&#8221; en conmemoraci\u00f3n del mes del orgullo gay. El contingente parti\u00f3 de un conocido hotel en el municipio de Boca del R\u00edo con [&hellip;]<\/p>\n","protected":false},"author":2476,"featured_media":42904,"comment_status":"open","ping_status":"open","sticky":false,"template":"","format":"standard","meta":{"_jetpack_memberships_contains_paid_content":false,"footnotes":""},"categories":[2],"tags":[],"class_list":["post-42903","post","type-post","status-publish","format-standard","has-post-thumbnail","hentry","category-estado"],"jetpack_featured_media_url":"https:\/\/encuentroinformativo.com.mx\/wp-content\/uploads\/2023\/07\/IMG-20230717-WA0006.jpg","jetpack_sharing_enabled":true,"jetpack_likes_enabled":true,"amp_enabled":true,"_links":{"self":[{"href":"https:\/\/encuentroinformativo.com.mx\/index.php?rest_route=\/wp\/v2\/posts\/42903","targetHints":{"allow":["GET"]}}],"collection":[{"href":"https:\/\/encuentroinformativo.com.mx\/index.php?rest_route=\/wp\/v2\/posts"}],"about":[{"href":"https:\/\/encuentroinformativo.com.mx\/index.php?rest_route=\/wp\/v2\/types\/post"}],"author":[{"embeddable":true,"href":"https:\/\/encuentroinformativo.com.mx\/index.php?rest_route=\/wp\/v2\/users\/2476"}],"replies":[{"embeddable":true,"href":"https:\/\/encuentroinformativo.com.mx\/index.php?rest_route=%2Fwp%2Fv2%2Fcomments&post=42903"}],"version-history":[{"count":1,"href":"https:\/\/encuentroinformativo.com.mx\/index.php?rest_route=\/wp\/v2\/posts\/42903\/revisions"}],"predecessor-version":[{"id":42905,"href":"https:\/\/encuentroinformativo.com.mx\/index.php?rest_route=\/wp\/v2\/posts\/42903\/revisions\/42905"}],"wp:featuredmedia":[{"embeddable":true,"href":"https:\/\/encuentroinformativo.com.mx\/index.php?rest_route=\/wp\/v2\/media\/42904"}],"wp:attachment":[{"href":"https:\/\/encuentroinformativo.com.mx\/index.php?rest_route=%2Fwp%2Fv2%2Fmedia&parent=42903"}],"wp:term":[{"taxonomy":"category","embeddable":true,"href":"https:\/\/encuentroinformativo.com.mx\/index.php?rest_route=%2Fwp%2Fv2%2Fcategories&post=42903"},{"taxonomy":"post_tag","embeddable":true,"href":"https:\/\/encuentroinformativo.com.mx\/index.php?rest_route=%2Fwp%2Fv2%2Ftags&post=42903"}],"curies":[{"name":"wp","href":"https:\/\/api.w.org\/{rel}","templated":true}]}}