{"id":42906,"date":"2023-07-17T11:33:14","date_gmt":"2023-07-17T17:33:14","guid":{"rendered":"https:\/\/encuentroinformativo.com.mx\/?p=42906"},"modified":"2023-07-17T11:33:19","modified_gmt":"2023-07-17T17:33:19","slug":"solicitan-al-ayuntamiento-intervenir-para-frenar-tala-de-arboles","status":"publish","type":"post","link":"https:\/\/encuentroinformativo.com.mx\/?p=42906","title":{"rendered":"Solicitan al Ayuntamiento intervenir para frenar tala de \u00e1rboles"},"content":{"rendered":"\n<p><strong>Juan Arcos <\/strong><\/p>\n\n\n\n<p>Xalapa, Ver.- Ambientalistas clausuraron de forma simb\u00f3lica el Palacio Municipal de Xalapa, en defensa de 64 \u00e1rboles que ser\u00edan talados en el camell\u00f3n de la avenida L\u00e1zaro C\u00e1rdenas para la construcci\u00f3n de un puente, a la altura de la plaza Urban Center.<\/p>\n\n\n\n<p>Los activistas se plantaron en la entrada principal del recinto p\u00fablico con lonas y pancartas, sobre la calle Juan de la Luz Enr\u00edquez.<\/p>\n\n\n\n<p>De acuerdo con una vecina de la zona afectada por dicha obra estatal, quien solo se identific\u00f3 como Isabel, el derribo de los \u00e1rboles generar\u00eda un impacto ambiental negativo en la capital de Veracruz.<\/p>\n\n\n\n<p>\u201cEn Xalapa hemos visto c\u00f3mo el clima va cambiando cada vez m\u00e1s, ya no hay neblina, ya no hay llovizna y esto es porque se han hecho muchos puentes, obras, plazas y zonas residenciales, tirando much\u00edsimos \u00e1rboles\u201d.<\/p>\n\n\n\n<p>Adem\u00e1s, record\u00f3 que la asociaci\u00f3n civil Pro-Ambiental Xalapa recaba cientos de firmas para tramitar un amparo colectivo, en su intento por detener la obra.<\/p>\n\n\n\n<p>\u201cEs el municipio quien est\u00e1 encargado de gestionar y administrar esta obra y, de hecho, es muy extra\u00f1o que si el presupuesto se hace de manera anual y ellos ya sab\u00edan que esa obra se iba a hacer, un mes antes reencarpetaron, taladraron, volvieron a poner cemento, sabiendo que semanas despu\u00e9s iban a volver a taladrar para hacer ese puente\u201d.<\/p>\n\n\n\n<p>Dijeron tener conocimiento de que la Secretar\u00eda de Infraestructura y Obras P\u00fablicas (SIOP) est\u00e1 cargo de la construcci\u00f3n del paso a desnivel; sin embargo, el ayuntamiento de Xalapa debi\u00f3 otorgar las autorizaciones correspondientes.<\/p>\n","protected":false},"excerpt":{"rendered":"<p>Juan Arcos Xalapa, Ver.- Ambientalistas clausuraron de forma simb\u00f3lica el Palacio Municipal de Xalapa, en defensa de 64 \u00e1rboles que ser\u00edan talados en el camell\u00f3n de la avenida L\u00e1zaro C\u00e1rdenas para la construcci\u00f3n de un puente, a la altura de la plaza Urban Center. Los activistas se plantaron en la entrada principal del recinto p\u00fablico [&hellip;]<\/p>\n","protected":false},"author":2476,"featured_media":42907,"comment_status":"open","ping_status":"open","sticky":false,"template":"","format":"standard","meta":{"_jetpack_memberships_contains_paid_content":false,"footnotes":""},"categories":[3],"tags":[],"class_list":["post-42906","post","type-post","status-publish","format-standard","has-post-thumbnail","hentry","category-xalapa"],"jetpack_featured_media_url":"https:\/\/encuentroinformativo.com.mx\/wp-content\/uploads\/2023\/07\/IMG_9355.jpg","jetpack_sharing_enabled":true,"jetpack_likes_enabled":true,"amp_enabled":true,"_links":{"self":[{"href":"https:\/\/encuentroinformativo.com.mx\/index.php?rest_route=\/wp\/v2\/posts\/42906","targetHints":{"allow":["GET"]}}],"collection":[{"href":"https:\/\/encuentroinformativo.com.mx\/index.php?rest_route=\/wp\/v2\/posts"}],"about":[{"href":"https:\/\/encuentroinformativo.com.mx\/index.php?rest_route=\/wp\/v2\/types\/post"}],"author":[{"embeddable":true,"href":"https:\/\/encuentroinformativo.com.mx\/index.php?rest_route=\/wp\/v2\/users\/2476"}],"replies":[{"embeddable":true,"href":"https:\/\/encuentroinformativo.com.mx\/index.php?rest_route=%2Fwp%2Fv2%2Fcomments&post=42906"}],"version-history":[{"count":1,"href":"https:\/\/encuentroinformativo.com.mx\/index.php?rest_route=\/wp\/v2\/posts\/42906\/revisions"}],"predecessor-version":[{"id":42908,"href":"https:\/\/encuentroinformativo.com.mx\/index.php?rest_route=\/wp\/v2\/posts\/42906\/revisions\/42908"}],"wp:featuredmedia":[{"embeddable":true,"href":"https:\/\/encuentroinformativo.com.mx\/index.php?rest_route=\/wp\/v2\/media\/42907"}],"wp:attachment":[{"href":"https:\/\/encuentroinformativo.com.mx\/index.php?rest_route=%2Fwp%2Fv2%2Fmedia&parent=42906"}],"wp:term":[{"taxonomy":"category","embeddable":true,"href":"https:\/\/encuentroinformativo.com.mx\/index.php?rest_route=%2Fwp%2Fv2%2Fcategories&post=42906"},{"taxonomy":"post_tag","embeddable":true,"href":"https:\/\/encuentroinformativo.com.mx\/index.php?rest_route=%2Fwp%2Fv2%2Ftags&post=42906"}],"curies":[{"name":"wp","href":"https:\/\/api.w.org\/{rel}","templated":true}]}}