{"id":4292,"date":"2020-07-21T16:34:56","date_gmt":"2020-07-21T21:34:56","guid":{"rendered":"https:\/\/encuentroinformativo.com\/?p=4292"},"modified":"2020-07-21T16:34:58","modified_gmt":"2020-07-21T21:34:58","slug":"preparan-escuelas-privadas-retorno-a-la-nueva-normalidad","status":"publish","type":"post","link":"https:\/\/encuentroinformativo.com.mx\/?p=4292","title":{"rendered":"Preparan escuelas privadas retorno a la nueva normalidad"},"content":{"rendered":"\n<p><strong>Juan Arcos <\/strong><\/p>\n\n\n\n<p>Xalapa, Ver.- M\u00e1s de 600 escuelas particulares de Veracruz aplicar\u00e1n diversas medidas sanitarias para la nueva normalidad, entre ellas, la rotaci\u00f3n del alumnado, es decir, que algunos recibir\u00e1n sus clases de manera presencial y otros en l\u00ednea.<\/p>\n\n\n\n<p>De acuerdo con Carlos Luna Escudero, presidente de la Corporaci\u00f3n de Escuelas Particulares del Estado de Veracruz, ser\u00e1 elaborado un rol para determinar qui\u00e9nes\u00a0acudir\u00edan a las escuelas y qui\u00e9nes deber\u00e1n quedarse en casa.<\/p>\n\n\n\n<p>El empresario mencion\u00f3 que estas medidas ser\u00e1n implementada en 50 universidades privadas de la entidad y, posteriormente, replicadas en todos los planteles particulares de la entidad.<\/p>\n\n\n\n<p>El entrevistado record\u00f3 que dicha rotaci\u00f3n tambi\u00e9n es aplicada en la plantilla laboral para evitar contagios del SARS-COV-2 (COVID-19).<\/p>\n\n\n\n<p>\u201cRegresar a la presencialidad va a ser muy complicado, en este caso, en el regreso paulatino a la presencialidad implicar\u00e1, al igual que hacemos con los trabajadores, que agendamos un cierto n\u00famero de alumnos que acuden de manera presencial y los alumnos que les toque quedarse en casa podr\u00e1n recibir, v\u00eda nuestra plataforma digital\u201d.<\/p>\n\n\n\n<p>En ese sentido, record\u00f3 que tambi\u00e9n ser\u00e1n acatadas todas las recomendaciones que la Secretar\u00eda de Salud ha dise\u00f1ado para cualquier establecimiento p\u00fablico y, por ello, cada escuela est\u00e1 tomando decisiones importantes para proteger la salud de su comunidad.<\/p>\n\n\n\n<p>Detall\u00f3 que la Federaci\u00f3n de Universidades e Instituciones Particulares de Educaci\u00f3n Superior (FUIPES) ha acordado otras medidas en sus planteles, como la colocaci\u00f3n de un tapete sanitizante, checar la temperatura de quienes ingresen a las instalaciones y la aplicaci\u00f3n de gel antibacterial.<\/p>\n\n\n\n<p>Tambi\u00e9n se habla de la instalaci\u00f3n de acr\u00edlicos en las zonas de atenci\u00f3n escolar y el uso obligatorio de cubrebocas o caretas en el estudiantado y los trabajadores.<\/p>\n\n\n\n<p>Adem\u00e1s, en este momento, los alumnos y padres de familia tienen que sacar cita para acudir a algunos planteles, como al Instituto Veracruzano de Educaci\u00f3n Superior (IVES).<\/p>\n\n\n\n<p><\/p>\n","protected":false},"excerpt":{"rendered":"<p>Juan Arcos Xalapa, Ver.- M\u00e1s de 600 escuelas particulares de Veracruz aplicar\u00e1n diversas medidas sanitarias para la nueva normalidad, entre ellas, la rotaci\u00f3n del alumnado, es decir, que algunos recibir\u00e1n sus clases de manera presencial y otros en l\u00ednea. De acuerdo con Carlos Luna Escudero, presidente de la Corporaci\u00f3n de Escuelas Particulares del Estado de [&hellip;]<\/p>\n","protected":false},"author":1,"featured_media":2536,"comment_status":"open","ping_status":"open","sticky":false,"template":"","format":"standard","meta":{"_jetpack_memberships_contains_paid_content":false,"footnotes":""},"categories":[2],"tags":[],"class_list":["post-4292","post","type-post","status-publish","format-standard","has-post-thumbnail","hentry","category-estado"],"jetpack_featured_media_url":"https:\/\/encuentroinformativo.com.mx\/wp-content\/uploads\/2020\/05\/8F80AF2C-FA5E-41CA-BEF4-02CF21DCB71E.jpeg","jetpack_sharing_enabled":true,"jetpack_likes_enabled":true,"amp_enabled":true,"_links":{"self":[{"href":"https:\/\/encuentroinformativo.com.mx\/index.php?rest_route=\/wp\/v2\/posts\/4292","targetHints":{"allow":["GET"]}}],"collection":[{"href":"https:\/\/encuentroinformativo.com.mx\/index.php?rest_route=\/wp\/v2\/posts"}],"about":[{"href":"https:\/\/encuentroinformativo.com.mx\/index.php?rest_route=\/wp\/v2\/types\/post"}],"author":[{"embeddable":true,"href":"https:\/\/encuentroinformativo.com.mx\/index.php?rest_route=\/wp\/v2\/users\/1"}],"replies":[{"embeddable":true,"href":"https:\/\/encuentroinformativo.com.mx\/index.php?rest_route=%2Fwp%2Fv2%2Fcomments&post=4292"}],"version-history":[{"count":1,"href":"https:\/\/encuentroinformativo.com.mx\/index.php?rest_route=\/wp\/v2\/posts\/4292\/revisions"}],"predecessor-version":[{"id":4293,"href":"https:\/\/encuentroinformativo.com.mx\/index.php?rest_route=\/wp\/v2\/posts\/4292\/revisions\/4293"}],"wp:featuredmedia":[{"embeddable":true,"href":"https:\/\/encuentroinformativo.com.mx\/index.php?rest_route=\/wp\/v2\/media\/2536"}],"wp:attachment":[{"href":"https:\/\/encuentroinformativo.com.mx\/index.php?rest_route=%2Fwp%2Fv2%2Fmedia&parent=4292"}],"wp:term":[{"taxonomy":"category","embeddable":true,"href":"https:\/\/encuentroinformativo.com.mx\/index.php?rest_route=%2Fwp%2Fv2%2Fcategories&post=4292"},{"taxonomy":"post_tag","embeddable":true,"href":"https:\/\/encuentroinformativo.com.mx\/index.php?rest_route=%2Fwp%2Fv2%2Ftags&post=4292"}],"curies":[{"name":"wp","href":"https:\/\/api.w.org\/{rel}","templated":true}]}}