{"id":42925,"date":"2023-07-17T16:35:41","date_gmt":"2023-07-17T22:35:41","guid":{"rendered":"https:\/\/encuentroinformativo.com.mx\/?p=42925"},"modified":"2023-07-17T16:35:45","modified_gmt":"2023-07-17T22:35:45","slug":"veracruz-puerto-sera-sede-de-festival-de-fotografia-mirar-distinto","status":"publish","type":"post","link":"https:\/\/encuentroinformativo.com.mx\/?p=42925","title":{"rendered":"Veracruz puerto ser\u00e1 sede de Festival de Fotograf\u00eda &#8220;Mirar Distinto&#8221;"},"content":{"rendered":"\n<p><strong>Alejandro \u00c1vila<\/strong><\/p>\n\n\n\n<p>Veracruz, Ver.- Del 9 al 13 de agosto la ciudad de Veracruz ser\u00e1 la sede del Festival Internacional de Fotograf\u00eda Period\u00edstica y Documental &#8220;Mirar Distinto&#8221;, el cual tendr\u00e1 conferencias, exposiciones y paneles abiertos, la tem\u00e1tica del evento ser\u00e1 Identidad y Medio Ambiente.<\/p>\n\n\n\n<p>En Veracruz estar\u00e1 presentes fot\u00f3grafos como: Rodrigo ABD, actual ganador del Premio Pulitzer 2023 por su cobertura durante la guerra de Ucrania, as\u00ed como Florence Goupil, fot\u00f3grafa documental colaboradora de National Geographic Society, tambi\u00e9n se encontrar\u00e1 Yael Mart\u00ednez, ganador del World Press Photo en 2022, as\u00ed como Musuk Nolte, explorador de National Geographic que fue galardonado con el World Press Photo 2023 por su fotograf\u00eda sobre el desastre ambiental causado por un derrame de petr\u00f3leo en el mar de Per\u00fa.&nbsp;<\/p>\n\n\n\n<p>El festival que es organizado por fot\u00f3grafos veracruzanos contempla 10 exposiciones que se montar\u00e1n al aire libre en espacios como el Malec\u00f3n de Veracruz, el Museo Naval y el Museo de la Ciudad, las cuales permanecer\u00e1n exhibidas todo el mes de agosto.&nbsp;<\/p>\n\n\n\n<p>\u201cLas exposiciones se presentar\u00e1n en el centro hist\u00f3rico de Veracruz, 8 de ellas al aire libre en modernas estructuras que servir\u00e1n de galer\u00eda con el fin de llevar la fotograf\u00eda a todos, entre esta decena de exhibiciones Resiliencia: historias de mujeres que inspiran el cambio, compuesta por ganadores y ganadoras del World Press Photo, el concurso m\u00e1s importante del mundo en fotograf\u00eda\u201d, dijo F\u00e9lix M\u00e1rquez, productor del festival.&nbsp;<\/p>\n\n\n\n<p>Esta es la quinta edici\u00f3n del Festival &#8220;Mirar Distinto&#8221;, y es la primera vez que se realiza en el puerto de Veracruz.<\/p>\n\n\n\n<p>La finalidad en esta edici\u00f3n es que la fotograf\u00eda llegue a todos y que sirva como una forma de reflexi\u00f3n a trav\u00e9s de las im\u00e1genes que han documentado alrededor del mundo situaciones de guerra, desastres naturales y violencia de g\u00e9nero.&nbsp;<\/p>\n\n\n\n<p>\u201cQue esas fotograf\u00edas puedan ser apreciadas por toda la gente y las mismas personas puedan ver estas im\u00e1genes que son reales y muchas veces van con censura, son temas importantes para que la sociedad pueda replantearse su actuar\u201d, indic\u00f3 Yahir Ceballos, fot\u00f3grafo y productor de Mirar Distinto.&nbsp;<\/p>\n\n\n\n<p>Las exposiciones y conferencias ser\u00e1n abiertas al p\u00fablico y gratuitas en todas las sedes.<\/p>\n","protected":false},"excerpt":{"rendered":"<p>Alejandro \u00c1vila Veracruz, Ver.- Del 9 al 13 de agosto la ciudad de Veracruz ser\u00e1 la sede del Festival Internacional de Fotograf\u00eda Period\u00edstica y Documental &#8220;Mirar Distinto&#8221;, el cual tendr\u00e1 conferencias, exposiciones y paneles abiertos, la tem\u00e1tica del evento ser\u00e1 Identidad y Medio Ambiente. En Veracruz estar\u00e1 presentes fot\u00f3grafos como: Rodrigo ABD, actual ganador del [&hellip;]<\/p>\n","protected":false},"author":2476,"featured_media":42926,"comment_status":"open","ping_status":"open","sticky":false,"template":"","format":"standard","meta":{"_jetpack_memberships_contains_paid_content":false,"footnotes":""},"categories":[2],"tags":[],"class_list":["post-42925","post","type-post","status-publish","format-standard","has-post-thumbnail","hentry","category-estado"],"jetpack_featured_media_url":"https:\/\/encuentroinformativo.com.mx\/wp-content\/uploads\/2023\/07\/IMG-20230717-WA00422.jpg","jetpack_sharing_enabled":true,"jetpack_likes_enabled":true,"amp_enabled":true,"_links":{"self":[{"href":"https:\/\/encuentroinformativo.com.mx\/index.php?rest_route=\/wp\/v2\/posts\/42925","targetHints":{"allow":["GET"]}}],"collection":[{"href":"https:\/\/encuentroinformativo.com.mx\/index.php?rest_route=\/wp\/v2\/posts"}],"about":[{"href":"https:\/\/encuentroinformativo.com.mx\/index.php?rest_route=\/wp\/v2\/types\/post"}],"author":[{"embeddable":true,"href":"https:\/\/encuentroinformativo.com.mx\/index.php?rest_route=\/wp\/v2\/users\/2476"}],"replies":[{"embeddable":true,"href":"https:\/\/encuentroinformativo.com.mx\/index.php?rest_route=%2Fwp%2Fv2%2Fcomments&post=42925"}],"version-history":[{"count":1,"href":"https:\/\/encuentroinformativo.com.mx\/index.php?rest_route=\/wp\/v2\/posts\/42925\/revisions"}],"predecessor-version":[{"id":42927,"href":"https:\/\/encuentroinformativo.com.mx\/index.php?rest_route=\/wp\/v2\/posts\/42925\/revisions\/42927"}],"wp:featuredmedia":[{"embeddable":true,"href":"https:\/\/encuentroinformativo.com.mx\/index.php?rest_route=\/wp\/v2\/media\/42926"}],"wp:attachment":[{"href":"https:\/\/encuentroinformativo.com.mx\/index.php?rest_route=%2Fwp%2Fv2%2Fmedia&parent=42925"}],"wp:term":[{"taxonomy":"category","embeddable":true,"href":"https:\/\/encuentroinformativo.com.mx\/index.php?rest_route=%2Fwp%2Fv2%2Fcategories&post=42925"},{"taxonomy":"post_tag","embeddable":true,"href":"https:\/\/encuentroinformativo.com.mx\/index.php?rest_route=%2Fwp%2Fv2%2Ftags&post=42925"}],"curies":[{"name":"wp","href":"https:\/\/api.w.org\/{rel}","templated":true}]}}