{"id":42930,"date":"2023-07-18T09:29:21","date_gmt":"2023-07-18T15:29:21","guid":{"rendered":"https:\/\/encuentroinformativo.com.mx\/?p=42930"},"modified":"2023-07-18T09:29:24","modified_gmt":"2023-07-18T15:29:24","slug":"paty-se-descarta-a-la-gubernatura-pepe-se-perfila","status":"publish","type":"post","link":"https:\/\/encuentroinformativo.com.mx\/?p=42930","title":{"rendered":"PATY SE DESCARTA A LA GUBERNATURA; PEPE SE PERFILA"},"content":{"rendered":"\n<p><strong>ColumnaSinNombre<br>@pablojair<\/strong><\/p>\n\n\n\n<ul class=\"wp-block-list\"><li>M\u00e9xico Elige ve panorama muy parejo entre Claudia y X\u00f3chitl.<\/li><li>M\u00e1s de 500 migrantes rescatados en las \u00faltimas horas.<\/li><li>Zenyazen y el Polo Universitario Agroecol\u00f3gico y Pecuario.<\/li><\/ul>\n\n\n\n<p>Alguien tiene que dar un manotazo ante<br>los conflictos internos de Morena en Veracruz<br>&#8211;Chopenjawer<\/p>\n\n\n\n<p>Sin duda, la nota de &#8220;ocho&#8221; la dio este lunes la presidenta municipal (no pongo alcaldesa, porque se enoja &#8220;TurboMan&#8221;) de Veracruz, Patricia Lobeira Rodr\u00edguez, al descartarse como aspirante a la gubernatura en 2024.<\/p>\n\n\n\n<p>Tradicionalmente, los presidentes municipales de Xalapa y Veracruz son candidatos naturales para contender por la titularidad del Poder Ejecutivo en el Estado. A ellos se suman los senadores y algunos diputados federales.<\/p>\n\n\n\n<p>De hecho, los \u00faltimos gobernadores han provenido de ambas C\u00e1maras: Cuitl\u00e1huac Garc\u00eda, por Morena, como legislador federal de Xalapa; Miguel \u00c1ngel Yunes Linares, por el PAN, como plurinominal; y Javier Duarte, con el distrito de C\u00f3rdoba por el PRI. Fidel Herrera lleg\u00f3 como senador, al igual que Miguel Alem\u00e1n Velasco.<\/p>\n\n\n\n<p>Los alcaldes, en este sentido, no han tenido mayor relevancia: en el caso de Xalapa, Ricardo Ahued Bardahuil ya est\u00e1 tambi\u00e9n descartado para la gubernatura en 2024.<\/p>\n\n\n\n<p>El caso de Patricia Lobeira es especial porque lleg\u00f3 en un coyuntura en la que es la alcaldesa del puerto m\u00e1s importante del pa\u00eds y autoridad municipal de la regi\u00f3n conurbada con un notable crecimiento econ\u00f3mico en los \u00faltimos a\u00f1os, pero en una situaci\u00f3n en la que siendo parte de la familia Yunes no tiene &#8211;aparentemente&#8211; el respaldo del gobierno federal ni estatal.<\/p>\n\n\n\n<p>Un poco de contexto: en 2018, al calor de las elecciones presidenciales y de la gubernatura, los principales atacantes contra Andr\u00e9s Manuel L\u00f3pez Obrador y Morena eran los Yunes: Miguel Pap\u00e1 y Miguel Chiquito. El primero no bajaba de &#8220;loco&#8221; al hoy presidente, mientras el otro lo calificaba como &#8220;viejo guango\u201d. A eso s\u00famese aquel video donde Juan Lobeira, padre de la hoy alcaldesa, le menta la madre a L\u00f3pez Obrador.<\/p>\n\n\n\n<p>Pero no les sali\u00f3 la jugada y todo cambi\u00f3 a partir de ese 1 de julio de 2018 cuando Morena arras\u00f3 en el pa\u00eds. Desde ah\u00ed, los \u201cMigueles&#8221; se fueron replegando.<\/p>\n\n\n\n<p>Fue hasta las elecciones locales del 6 de junio de 2021, cuando reapareci\u00f3 en el mapa Miguel \u00c1ngel Jr. En ese entonces, buscaba ser presidente municipal de Veracruz para luego nuevamente contender por la gubernatura en 2024, pero cometi\u00f3 un error bastante burdo (de primaria, dir\u00eda mi abuelo): no pudo acreditar la residencia que se pide por ley.<\/p>\n\n\n\n<p>Luego entonces, Patricia Lobeira suple a su esposo como abanderada y gana las elecciones municipales para el periodo 2022-2025, con todo y que supuestamente ten\u00edan un escenario adverso contra Morena.<\/p>\n\n\n\n<p>Al ser elegida presidenta, el ambiente pol\u00edtico se puso interesante porque se dec\u00eda que ella s\u00f3lo ser\u00eda una fachada para que siguieran mandando los Yunes, enfrentados a AMLO y a su famosa Cuarta Transformaci\u00f3n.<\/p>\n\n\n\n<p>No obstante, la alcaldesa demostr\u00f3 ser una mujer inteligente para desenvolverse en la pol\u00edtica. Ha demostrado autonom\u00eda y no ha sido opacada p\u00fablicamente por su esposo en las decisiones del poder. Tambi\u00e9n debe destacarse que &#8211;al contrario de lo que muchos auguraban&#8211; tiene una buena relaci\u00f3n con los gobiernos de la 4T tanto federal como estatal, manteniendo una l\u00ednea de respeto, institucionalidad y cooperaci\u00f3n.<\/p>\n\n\n\n<p>En ese sentido, muchos esperaban que la rivalidad de Yunes-AMLO creciera al paso del sexenio y nuevamente un miembro de la familia del exgobernador fuese abanderado para pelear la gubernatura. Por eso es que a Patricia se le mencionaba como una candidata fuerte del bloque opositor en Veracruz, en una lucha electoral hist\u00f3rica contra otra mujer: Roc\u00edo Nahle.<\/p>\n\n\n\n<p>No obstante, los Yunes, desde aquella derrota del 2018, se han mantenido fuera de los reflectores hasta el momento, sin atacar &#8211;al menos no directamente&#8211; al presidente o al gobernador. S\u00f3lo Fernando Yunes ha sido el &#8220;rebelde&#8221; que de repente aparece en los medios.<\/p>\n\n\n\n<p>De hecho, mucho se habla entre los &#8220;grillos&#8221; de un &#8220;pacto&#8221; entre la 4T y los Yunes, quiz\u00e1s no escrito ni dialogado, pero s\u00ed de valores entendidos.<\/p>\n\n\n\n<p>Este &#8220;pacto&#8221; incluso se habr\u00eda reflejado en la reciente visita de la senadora X\u00f3chitl G\u00e1lvez (la muy probable candidata presidencial del bloque opositor) a tierras jarochas, y quien fue la &#8220;destapadora&#8221; de Paty Lobeira como candidata a la gubernatura.<\/p>\n\n\n\n<p>Por ejemplo, la visita de X\u00f3chitl casi pas\u00f3 desapercibida hasta en el aeropuerto de Veracruz, pues s\u00f3lo fue acompa\u00f1ada por la tambi\u00e9n senadora Indira Rosales (del grupo de los Yunes) pero no tuvo una vistosa ni ruidosa bienvenida. Los eventos donde estuvo la senadora tampoco fueron multitudinarios a diferencia de lo que se ha visto en otras ocasiones, cuando f\u00e1cilmente los Yunes organizan a su base social que moviliza a miles en poco tiempo.<\/p>\n\n\n\n<p>Lo anterior podr\u00eda tener dos mensajes: uno, que todav\u00eda no son los tiempos para hacer algarab\u00eda ni festines a lo grande; y dos, que si bien los Yunes apoyar\u00e1n al PAN en las pr\u00f3ximas elecciones, parecen tener claro un panorama de derrota &#8211;al menos en Veracruz&#8211; para el bloque opositor en 2024, por lo que no expondr\u00e1n a uno de los suyos. Adem\u00e1s, seguir\u00e1n en esa l\u00ednea de no tener una confrontaci\u00f3n directa con el presidente ni con el gobernador en una guerra con pocas posibilidades de ganar (seg\u00fan las encuestas al momento y si no crecen los conflictos internos en Morena).<\/p>\n\n\n\n<p>Saben, seguramente, que ese panorama podr\u00eda cambiar en 2030, donde ser\u00eda m\u00e1s f\u00e1cil ganarle a un partido Morena desgastado y con un Andr\u00e9s Manuel L\u00f3pez Obrador m\u00e1s lejano de los escenarios.<\/p>\n\n\n\n<p>Ayer, entre amigos, preguntaba c\u00f3mo ve\u00edan lo de la declinaci\u00f3n de Patricia Lobeira y qui\u00e9n creer\u00edan que ser\u00eda entonces el nuevo abanderado o abanderada del bloque PRIANRD para Veracruz en 2024.<\/p>\n\n\n\n<p>Muchos coinciden en que ser\u00e1 Pepe Yunes el elegido y es probable que en esta circunstancia hasta se sume Movimiento Ciudadano a la alianza. Lo de la declinaci\u00f3n de la alcaldesa s\u00ed sorprendi\u00f3 a muchos, porque esperaban un encuentro hist\u00f3rico entre mujeres para la gubernatura.<\/p>\n\n\n\n<p>No obstante, pesan sobre el hoy legislador del PRI por el distrito de Coatepec dos derrotas hist\u00f3ricas: la de senador en 2006, cuando el PRI perdi\u00f3 por primera vez esa posici\u00f3n en Veracruz (aunque ganar\u00eda posteriormente la de 2012); y la de gobernador en 2018, cuando Morena arras\u00f3 en el pa\u00eds y el estado.<\/p>\n\n\n\n<p>Incluso se comenta en varios c\u00edrculos que Pepe recibi\u00f3 &#8220;ayuda&#8221; para ser elegido como diputado federal por Coatepec, pues contendi\u00f3 contra una candidata de Morena que no ten\u00eda buenos n\u00fameros en las encuestas y que fue impuesta para quitar a otro que s\u00ed ten\u00eda muchas posibilidades de ganar.<\/p>\n\n\n\n<p>Pepe tambi\u00e9n tendr\u00eda la desventaja de no ser mujer para competir en un momento donde precisamente las mujeres est\u00e1n ganando espacios y cuando todo apunta a que la secretaria de Energ\u00eda, Roc\u00edo Nahle, ser\u00e1 la abanderada de Morena.<\/p>\n\n\n\n<p>Debe decirse tambi\u00e9n que el nombre e imagen de Pepe han sido constantes y repetitivos en el PRI, justamente cuando el tricolor est\u00e1 buscando renovar sus cuadros e inyectar sangre nueva para zafarse de su reciente pasado con actores que a\u00f1oran volver al poder.<\/p>\n\n\n\n<p>Por lo pronto, Patricia Lobeira fue clara ante los reporteros: &#8220;Descarto cualquier pronunciamiento, la verdad que nosotros tenemos un compromiso; yo sobre todo tengo un compromiso con los jarochos quienes son los que me eligieron. Hasta el 2025 tengo que terminar\u201d.<\/p>\n\n\n\n<p>Y la queso\u2026<\/p>\n\n\n\n<p><strong>NOTA PARA PEGAR EN EL REFRI:<\/strong> La encuestadora M\u00e9xico Elige dio a conocer este martes su m\u00e1s reciente estudio sobre las elecciones a Presidente de M\u00e9xico y destaca que los n\u00fameros de diferencia porcentual entre Morena y aliados contra el bloque PRIANRD son m\u00ednimos\u2026 En un escenario entre Claudia Sheinbaum y X\u00f3chitl G\u00e1lvez (que todo parece apuntar as\u00ed ser\u00e1 la pelea) hay desde uno hasta apenas 5 por ciento de ventaja para la jefa de Gobierno de la CDMX\u2026 En el caso de partidos en solitario (Morena versus PAN), Claudia apenas superar\u00eda a X\u00f3chitl por un punto: 35.7 contra 34.9\u2026 En el caso de las alianzas, Claudia se despega con 45.4, encabezando a Morena-Verde y el PT; mientras que por el PRIANRD, X\u00f3chitl queda con 40.6\u2026 El \u00faltimo escenario hipot\u00e9tico es si al PRIANRD se suma Movimiento Ciudadano, pues Claudia tendr\u00eda 46.8 y X\u00f3chitl alcanzar\u00eda 43.2\u2026 Esto se va a poner chido, mis ni\u00f1os.<\/p>\n\n\n\n<p><strong>OTRA NOTA:<\/strong> En las recientes horas, m\u00e1s de 500 migrantes han sido rescatados luego de ser abandonados por los polleros en diversos puntos de la entidad veracruzana\u2026 Primero fueron 303 personas hacinadas en cajas secas de un tractocami\u00f3n y un torton, localizadas en Orizaba y Fort\u00edn de Las Flores, en cuyos hechos tambi\u00e9n hay detenidas 6 personas\u2026 Este martes, el Instituto Nacional de Migraci\u00f3n volvi\u00f3 a informar que la noche del s\u00e1bado fueron rescatados 206 migrantes encerrados en cajas herm\u00e9ticas de un tr\u00e1iler, abandonados y obligados a ingerir sustancias para soportar el encierro.<\/p>\n\n\n\n<p><strong>LA \u00daLTIMA PORQUE UN RATITO DE XBOX: <\/strong>El secretario de Educaci\u00f3n, Zenyazen Escobar Garc\u00eda, acudi\u00f3 a la colocaci\u00f3n de la primera piedra del Polo Universitario Agroecol\u00f3gico y Pecuario de la Universidad Popular Aut\u00f3noma de Veracruz (PUAP-UPAV), lo que, dijo, constituye un ejemplo de que el trabajo colaborativo, el inter\u00e9s y voluntad generan grandes cambios\u2026 En el predio donde se construir\u00e1 este edificio, el secretario agradeci\u00f3 el recibimiento y el inter\u00e9s de la sociedad porque Actopan cuente con una universidad\u2026 Estuvo acompa\u00f1ado por la alcaldesa de Actopan, Mar\u00eda Esther L\u00f3pez Callejas; el subsecretario de Educaci\u00f3n Media Superior y Superior, Jorge Miguel Uscanga Villalba; el director del Instituto de Espacios Educativos, Ricardo Garc\u00eda Jim\u00e9nez, y el presidente del Comisariado Ejidal de Actopan, Pedro Garc\u00eda Vel\u00e1zquez.<\/p>\n","protected":false},"excerpt":{"rendered":"<p>ColumnaSinNombre@pablojair M\u00e9xico Elige ve panorama muy parejo entre Claudia y X\u00f3chitl. M\u00e1s de 500 migrantes rescatados en las \u00faltimas horas. Zenyazen y el Polo Universitario Agroecol\u00f3gico y Pecuario. Alguien tiene que dar un manotazo antelos conflictos internos de Morena en Veracruz&#8211;Chopenjawer Sin duda, la nota de &#8220;ocho&#8221; la dio este lunes la presidenta municipal (no [&hellip;]<\/p>\n","protected":false},"author":2476,"featured_media":488,"comment_status":"open","ping_status":"open","sticky":false,"template":"","format":"standard","meta":{"_jetpack_memberships_contains_paid_content":false,"footnotes":""},"categories":[11],"tags":[],"class_list":["post-42930","post","type-post","status-publish","format-standard","has-post-thumbnail","hentry","category-opinion"],"jetpack_featured_media_url":"https:\/\/encuentroinformativo.com.mx\/wp-content\/uploads\/2020\/03\/F471F608-BA1A-416B-BA7B-BCFB24F4E6D0.jpeg","jetpack_sharing_enabled":true,"jetpack_likes_enabled":true,"amp_enabled":true,"_links":{"self":[{"href":"https:\/\/encuentroinformativo.com.mx\/index.php?rest_route=\/wp\/v2\/posts\/42930","targetHints":{"allow":["GET"]}}],"collection":[{"href":"https:\/\/encuentroinformativo.com.mx\/index.php?rest_route=\/wp\/v2\/posts"}],"about":[{"href":"https:\/\/encuentroinformativo.com.mx\/index.php?rest_route=\/wp\/v2\/types\/post"}],"author":[{"embeddable":true,"href":"https:\/\/encuentroinformativo.com.mx\/index.php?rest_route=\/wp\/v2\/users\/2476"}],"replies":[{"embeddable":true,"href":"https:\/\/encuentroinformativo.com.mx\/index.php?rest_route=%2Fwp%2Fv2%2Fcomments&post=42930"}],"version-history":[{"count":1,"href":"https:\/\/encuentroinformativo.com.mx\/index.php?rest_route=\/wp\/v2\/posts\/42930\/revisions"}],"predecessor-version":[{"id":42931,"href":"https:\/\/encuentroinformativo.com.mx\/index.php?rest_route=\/wp\/v2\/posts\/42930\/revisions\/42931"}],"wp:featuredmedia":[{"embeddable":true,"href":"https:\/\/encuentroinformativo.com.mx\/index.php?rest_route=\/wp\/v2\/media\/488"}],"wp:attachment":[{"href":"https:\/\/encuentroinformativo.com.mx\/index.php?rest_route=%2Fwp%2Fv2%2Fmedia&parent=42930"}],"wp:term":[{"taxonomy":"category","embeddable":true,"href":"https:\/\/encuentroinformativo.com.mx\/index.php?rest_route=%2Fwp%2Fv2%2Fcategories&post=42930"},{"taxonomy":"post_tag","embeddable":true,"href":"https:\/\/encuentroinformativo.com.mx\/index.php?rest_route=%2Fwp%2Fv2%2Ftags&post=42930"}],"curies":[{"name":"wp","href":"https:\/\/api.w.org\/{rel}","templated":true}]}}