{"id":42932,"date":"2023-07-18T09:36:55","date_gmt":"2023-07-18T15:36:55","guid":{"rendered":"https:\/\/encuentroinformativo.com.mx\/?p=42932"},"modified":"2023-07-18T09:36:59","modified_gmt":"2023-07-18T15:36:59","slug":"protestan-por-derribo-de-arboles-sobre-lazaro-cardenas","status":"publish","type":"post","link":"https:\/\/encuentroinformativo.com.mx\/?p=42932","title":{"rendered":"Protestan por derribo de \u00e1rboles sobre L\u00e1zaro C\u00e1rdenas"},"content":{"rendered":"\n<p><strong>Juan Arcos <\/strong><\/p>\n\n\n\n<p>Xalapa, Ver.- Un grupo de ambientalistas protest\u00f3 la ma\u00f1ana de este martes sobre el camell\u00f3n de la avenida L\u00e1zaro C\u00e1rdenas, debido a que fueron derribados cerca de 30 \u00e1rboles como parte de las maniobras para la construcci\u00f3n de un puente a la altura de la colonia Rafael Lucio.<\/p>\n\n\n\n<p>Los integrantes de La Asamblea Veracruzana de Iniciativas y Defensa Ambiental (Lavida) y vecinos de la zona acudieron al punto desde la noche del lunes y durante la madrugada de este martes para tratar de detener la tala, incluso, abrazando los \u00e1rboles del tronco para protegerlos.<\/p>\n\n\n\n<p>Acusaron que los trabajadores de la constructora que lleva a cabo la obra emprendieron dichas maniobras durante la noche para evitar que la gente se percatara de este \u201cecocidio\u201d, caso que ha generado una gran pol\u00e9mica y desatado varias protestas, ya que el proyecto contempla el derribo de 64 \u00e1rboles en la zona.<\/p>\n\n\n\n<p>De acuerdo con uno de los vecinos, quien solo se identific\u00f3 como Augusto, los xalape\u00f1os est\u00e1n molestos porque no fueron consultados ni tomados en cuenta sobre la obra para la construcci\u00f3n de un paso a desnivel.<\/p>\n\n\n\n<p>Tampoco se inform\u00f3 a los pobladores cu\u00e1les ser\u00edan las acciones que se llevar\u00edan a cabo para la reparaci\u00f3n del da\u00f1o ambiental por el derribo de decenas de \u00e1rboles en el camell\u00f3n.<\/p>\n\n\n\n<p>Reclamaron que durante la tala no hubo presencia de ning\u00fan \u00e1rea ambiental del ayuntamiento ni del gobierno estatal, pues los trabajos se realizaron de noche, como si fueran \u201cdelincuentes\u201d.<\/p>\n\n\n\n<p>\u201cNadie de gobierno vino a dar la cara, los obreros no son de la ciudad, alegan que no les est\u00e1n pagando la jornada nocturna completa, que los tienen contratados\u201d.<\/p>\n\n\n\n<p>Los quejosos indicaron que se han recabado cientos de firmas y tramitado un amparo ante un juez federal para detener la obra y el derribo de los \u00e1rboles; sin embargo, es largo el proceso y a\u00fan no hay una resoluci\u00f3n.<\/p>\n\n\n\n<p>Tambi\u00e9n comentaron que no planean cerrar la avenida L\u00e1zaro C\u00e1rdenas ni otras vialidades durante su protesta para no afectar a\u00fan m\u00e1s a la poblaci\u00f3n.<\/p>\n\n\n\n<figure class=\"wp-block-image size-large\"><img loading=\"lazy\" decoding=\"async\" width=\"960\" height=\"720\" src=\"https:\/\/encuentroinformativo.com.mx\/wp-content\/uploads\/2023\/07\/467ce56c-2af8-49eb-a663-cc5f53cecd9a.jpg\" alt=\"\" class=\"wp-image-42933\" srcset=\"https:\/\/encuentroinformativo.com.mx\/wp-content\/uploads\/2023\/07\/467ce56c-2af8-49eb-a663-cc5f53cecd9a.jpg 960w, https:\/\/encuentroinformativo.com.mx\/wp-content\/uploads\/2023\/07\/467ce56c-2af8-49eb-a663-cc5f53cecd9a-300x225.jpg 300w, https:\/\/encuentroinformativo.com.mx\/wp-content\/uploads\/2023\/07\/467ce56c-2af8-49eb-a663-cc5f53cecd9a-768x576.jpg 768w\" sizes=\"auto, (max-width: 960px) 100vw, 960px\" \/><\/figure>\n","protected":false},"excerpt":{"rendered":"<p>Juan Arcos Xalapa, Ver.- Un grupo de ambientalistas protest\u00f3 la ma\u00f1ana de este martes sobre el camell\u00f3n de la avenida L\u00e1zaro C\u00e1rdenas, debido a que fueron derribados cerca de 30 \u00e1rboles como parte de las maniobras para la construcci\u00f3n de un puente a la altura de la colonia Rafael Lucio. Los integrantes de La Asamblea [&hellip;]<\/p>\n","protected":false},"author":2476,"featured_media":42934,"comment_status":"open","ping_status":"open","sticky":false,"template":"","format":"standard","meta":{"_jetpack_memberships_contains_paid_content":false,"footnotes":""},"categories":[3],"tags":[],"class_list":["post-42932","post","type-post","status-publish","format-standard","has-post-thumbnail","hentry","category-xalapa"],"jetpack_featured_media_url":"https:\/\/encuentroinformativo.com.mx\/wp-content\/uploads\/2023\/07\/7b9d581e-0b32-40cf-810a-4f5f880ca43f.jpg","jetpack_sharing_enabled":true,"jetpack_likes_enabled":true,"amp_enabled":true,"_links":{"self":[{"href":"https:\/\/encuentroinformativo.com.mx\/index.php?rest_route=\/wp\/v2\/posts\/42932","targetHints":{"allow":["GET"]}}],"collection":[{"href":"https:\/\/encuentroinformativo.com.mx\/index.php?rest_route=\/wp\/v2\/posts"}],"about":[{"href":"https:\/\/encuentroinformativo.com.mx\/index.php?rest_route=\/wp\/v2\/types\/post"}],"author":[{"embeddable":true,"href":"https:\/\/encuentroinformativo.com.mx\/index.php?rest_route=\/wp\/v2\/users\/2476"}],"replies":[{"embeddable":true,"href":"https:\/\/encuentroinformativo.com.mx\/index.php?rest_route=%2Fwp%2Fv2%2Fcomments&post=42932"}],"version-history":[{"count":1,"href":"https:\/\/encuentroinformativo.com.mx\/index.php?rest_route=\/wp\/v2\/posts\/42932\/revisions"}],"predecessor-version":[{"id":42935,"href":"https:\/\/encuentroinformativo.com.mx\/index.php?rest_route=\/wp\/v2\/posts\/42932\/revisions\/42935"}],"wp:featuredmedia":[{"embeddable":true,"href":"https:\/\/encuentroinformativo.com.mx\/index.php?rest_route=\/wp\/v2\/media\/42934"}],"wp:attachment":[{"href":"https:\/\/encuentroinformativo.com.mx\/index.php?rest_route=%2Fwp%2Fv2%2Fmedia&parent=42932"}],"wp:term":[{"taxonomy":"category","embeddable":true,"href":"https:\/\/encuentroinformativo.com.mx\/index.php?rest_route=%2Fwp%2Fv2%2Fcategories&post=42932"},{"taxonomy":"post_tag","embeddable":true,"href":"https:\/\/encuentroinformativo.com.mx\/index.php?rest_route=%2Fwp%2Fv2%2Ftags&post=42932"}],"curies":[{"name":"wp","href":"https:\/\/api.w.org\/{rel}","templated":true}]}}