{"id":42936,"date":"2023-07-18T09:52:09","date_gmt":"2023-07-18T15:52:09","guid":{"rendered":"https:\/\/encuentroinformativo.com.mx\/?p=42936"},"modified":"2023-07-18T09:52:14","modified_gmt":"2023-07-18T15:52:14","slug":"mantiene-boca-del-rio-programa-de-bacheo-permanente","status":"publish","type":"post","link":"https:\/\/encuentroinformativo.com.mx\/?p=42936","title":{"rendered":"Mantiene Boca del R\u00edo programa de bacheo permanente"},"content":{"rendered":"\n<p>Boca del R\u00edo, Ver.- El Programa Permanente de Bacheo contin\u00faa recorriendo las calles y avenidas de Boca del R\u00edo para resolver los reportes ciudadanos que permitan mantener a la ciudad en \u00f3ptimas condiciones, coment\u00f3 el Alcalde Juan Manuel Un\u00e1nue Abascal.<\/p>\n\n\n\n<p>\u201cRealizamos un trabajo coordinado a trav\u00e9s de nuestras cuadrillas de bacheo que diariamente atienden diversos puntos de la ciudad con concreto hidr\u00e1ulico donde as\u00ed se requiera y con asfalto en calles y avenidas del municipio para que sean transitables y est\u00e9n siempre en buenas condiciones\u201d, coment\u00f3 el edil.<\/p>\n\n\n\n<p>Dichas acciones est\u00e1n a cargo de la Direcci\u00f3n de Obras P\u00fablicas, quien trabaja diariamente para atender el llamado ciudadano y rehabilitar la carpeta de concreto hidr\u00e1ulico, como en el caso del Fraccionamiento Virginia y Costa Verde, que cuentan v\u00edas de comunicaci\u00f3n con este tipo de pavimento.<\/p>\n\n\n\n<p>Misma situaci\u00f3n con la atenci\u00f3n de la avenida C\u00e1ndido Aguilar de la colonia Villa Rica y la colonia Adalberto Tejeda, as\u00ed como en la colonia Revoluci\u00f3n y Primero de Mayo Sur donde las cuadrillas municipales dan respuesta para mejorar las vialidades de esta zona.<\/p>\n\n\n\n<p>La vialidad Pedro de Alvarado tambi\u00e9n obtuvo trabajo de rehabilitaci\u00f3n en el fraccionamiento Virginia; otros puntos de la ciudad beneficiados son Paseo de las Flores esquina Crist\u00f3bal de Olid y esquina Mart\u00edn Pinz\u00f3n, Conquistadores y J. P. Moreno as\u00ed como el mismo bulevar Manuel \u00c1vila Camacho que pr\u00f3ximamente ser\u00e1 anunciando su rehabilitaci\u00f3n integral.<\/p>\n\n\n\n<p>Asimismo se atendieron las calles Paseo de las Jacarandas esquina Navegantes, as\u00ed como esquina Alaminos, Fernando de Gallanes, Tres Carabelas y Espa\u00f1a en el fraccionamiento Virginia, respondiendo de esta forma el llamado ciudadano para dar atenci\u00f3n a la calzada Costa Verde esquina Mar B\u00e1ltico.<\/p>\n\n\n\n<p>Finalmente, el Presidente Municipal de Boca del R\u00edo destac\u00f3 que los trabajos de bacheo tanto en concreto hidr\u00e1ulico y asf\u00e1ltico se llevan a cabo a la par para dar una atenci\u00f3n y rehabilitaci\u00f3n oportuna.<\/p>\n","protected":false},"excerpt":{"rendered":"<p>Boca del R\u00edo, Ver.- El Programa Permanente de Bacheo contin\u00faa recorriendo las calles y avenidas de Boca del R\u00edo para resolver los reportes ciudadanos que permitan mantener a la ciudad en \u00f3ptimas condiciones, coment\u00f3 el Alcalde Juan Manuel Un\u00e1nue Abascal. \u201cRealizamos un trabajo coordinado a trav\u00e9s de nuestras cuadrillas de bacheo que diariamente atienden diversos [&hellip;]<\/p>\n","protected":false},"author":2476,"featured_media":42937,"comment_status":"open","ping_status":"open","sticky":false,"template":"","format":"standard","meta":{"_jetpack_memberships_contains_paid_content":false,"footnotes":""},"categories":[2],"tags":[],"class_list":["post-42936","post","type-post","status-publish","format-standard","has-post-thumbnail","hentry","category-estado"],"jetpack_featured_media_url":"https:\/\/encuentroinformativo.com.mx\/wp-content\/uploads\/2023\/07\/IMG-20230717-WA0097.jpg","jetpack_sharing_enabled":true,"jetpack_likes_enabled":true,"amp_enabled":true,"_links":{"self":[{"href":"https:\/\/encuentroinformativo.com.mx\/index.php?rest_route=\/wp\/v2\/posts\/42936","targetHints":{"allow":["GET"]}}],"collection":[{"href":"https:\/\/encuentroinformativo.com.mx\/index.php?rest_route=\/wp\/v2\/posts"}],"about":[{"href":"https:\/\/encuentroinformativo.com.mx\/index.php?rest_route=\/wp\/v2\/types\/post"}],"author":[{"embeddable":true,"href":"https:\/\/encuentroinformativo.com.mx\/index.php?rest_route=\/wp\/v2\/users\/2476"}],"replies":[{"embeddable":true,"href":"https:\/\/encuentroinformativo.com.mx\/index.php?rest_route=%2Fwp%2Fv2%2Fcomments&post=42936"}],"version-history":[{"count":1,"href":"https:\/\/encuentroinformativo.com.mx\/index.php?rest_route=\/wp\/v2\/posts\/42936\/revisions"}],"predecessor-version":[{"id":42938,"href":"https:\/\/encuentroinformativo.com.mx\/index.php?rest_route=\/wp\/v2\/posts\/42936\/revisions\/42938"}],"wp:featuredmedia":[{"embeddable":true,"href":"https:\/\/encuentroinformativo.com.mx\/index.php?rest_route=\/wp\/v2\/media\/42937"}],"wp:attachment":[{"href":"https:\/\/encuentroinformativo.com.mx\/index.php?rest_route=%2Fwp%2Fv2%2Fmedia&parent=42936"}],"wp:term":[{"taxonomy":"category","embeddable":true,"href":"https:\/\/encuentroinformativo.com.mx\/index.php?rest_route=%2Fwp%2Fv2%2Fcategories&post=42936"},{"taxonomy":"post_tag","embeddable":true,"href":"https:\/\/encuentroinformativo.com.mx\/index.php?rest_route=%2Fwp%2Fv2%2Ftags&post=42936"}],"curies":[{"name":"wp","href":"https:\/\/api.w.org\/{rel}","templated":true}]}}