{"id":42941,"date":"2023-07-18T13:18:23","date_gmt":"2023-07-18T19:18:23","guid":{"rendered":"https:\/\/encuentroinformativo.com.mx\/?p=42941"},"modified":"2023-07-18T13:18:27","modified_gmt":"2023-07-18T19:18:27","slug":"denuncian-falta-de-guarderia-en-issste-de-boca-del-rio","status":"publish","type":"post","link":"https:\/\/encuentroinformativo.com.mx\/?p=42941","title":{"rendered":"Denuncian falta de guarder\u00eda en ISSSTE de Boca del R\u00edo"},"content":{"rendered":"\n<p><strong>Alejandro \u00c1vila<\/strong><\/p>\n\n\n\n<p>Veracruz, Ver.- Madres de familia demandaron la necesidad de la guarder\u00eda del ISSSTE ubicada en Boca del R\u00edo, toda vez que desde la temporada de Carnaval la cerraron por presunta rehabilitaci\u00f3n y es la fecha en que no ha sido aperturada.<\/p>\n\n\n\n<p>La se\u00f1ora Merle Alcocer, dijo que durante las vacaciones de Carnaval se cay\u00f3 un pedazo de loza de la guarder\u00eda, por lo cual le solicitaron no enviar a los peque\u00f1os ante un posible accidente; sin embargo, es la fecha en que no les han presentado un dictamen de riesgo y cuando la guarder\u00eda ubicada sobre el bulevar &#8220;Adolfo Ruiz Cortines&#8221; volver\u00e1 a ser abierta.<\/p>\n\n\n\n<p>&#8220;Estamos pasando una situaci\u00f3n dif\u00edcil porque el trabajo no espera, hemos pedido permisos, muchos han pedido d\u00edas de vacaciones, los permisos econ\u00f3micos a los cuales tenemos derecho para poder estar cuidando a nuestros hijos, pero ya es una situaci\u00f3n insostenible, en verdad necesitamos que las autoridades nos escuchen, para que nos apoyen en brindarnos otro lugar adecuado y seguro para que cuiden a nuestros hijos&#8221;, agreg\u00f3.<\/p>\n\n\n\n<p>La madre de familia coment\u00f3 que seg\u00fan el art\u00edculo 44 de la ley del ISSSTE, se\u00f1ala que ante una situaci\u00f3n de riesgo en la guarder\u00eda, la dependencia federal debe de reubicar a los peque\u00f1os en alg\u00fan espacio subrogado; es decir, colocar a los peque\u00f1os en otra guarder\u00eda y que los gastos corran a cuenta del ISSSTE.<\/p>\n","protected":false},"excerpt":{"rendered":"<p>Alejandro \u00c1vila Veracruz, Ver.- Madres de familia demandaron la necesidad de la guarder\u00eda del ISSSTE ubicada en Boca del R\u00edo, toda vez que desde la temporada de Carnaval la cerraron por presunta rehabilitaci\u00f3n y es la fecha en que no ha sido aperturada. La se\u00f1ora Merle Alcocer, dijo que durante las vacaciones de Carnaval se [&hellip;]<\/p>\n","protected":false},"author":2476,"featured_media":42942,"comment_status":"open","ping_status":"open","sticky":false,"template":"","format":"standard","meta":{"_jetpack_memberships_contains_paid_content":false,"footnotes":""},"categories":[9],"tags":[],"class_list":["post-42941","post","type-post","status-publish","format-standard","has-post-thumbnail","hentry","category-salud"],"jetpack_featured_media_url":"https:\/\/encuentroinformativo.com.mx\/wp-content\/uploads\/2023\/07\/IMG-20230718-WA00132.jpg","jetpack_sharing_enabled":true,"jetpack_likes_enabled":true,"amp_enabled":true,"_links":{"self":[{"href":"https:\/\/encuentroinformativo.com.mx\/index.php?rest_route=\/wp\/v2\/posts\/42941","targetHints":{"allow":["GET"]}}],"collection":[{"href":"https:\/\/encuentroinformativo.com.mx\/index.php?rest_route=\/wp\/v2\/posts"}],"about":[{"href":"https:\/\/encuentroinformativo.com.mx\/index.php?rest_route=\/wp\/v2\/types\/post"}],"author":[{"embeddable":true,"href":"https:\/\/encuentroinformativo.com.mx\/index.php?rest_route=\/wp\/v2\/users\/2476"}],"replies":[{"embeddable":true,"href":"https:\/\/encuentroinformativo.com.mx\/index.php?rest_route=%2Fwp%2Fv2%2Fcomments&post=42941"}],"version-history":[{"count":1,"href":"https:\/\/encuentroinformativo.com.mx\/index.php?rest_route=\/wp\/v2\/posts\/42941\/revisions"}],"predecessor-version":[{"id":42943,"href":"https:\/\/encuentroinformativo.com.mx\/index.php?rest_route=\/wp\/v2\/posts\/42941\/revisions\/42943"}],"wp:featuredmedia":[{"embeddable":true,"href":"https:\/\/encuentroinformativo.com.mx\/index.php?rest_route=\/wp\/v2\/media\/42942"}],"wp:attachment":[{"href":"https:\/\/encuentroinformativo.com.mx\/index.php?rest_route=%2Fwp%2Fv2%2Fmedia&parent=42941"}],"wp:term":[{"taxonomy":"category","embeddable":true,"href":"https:\/\/encuentroinformativo.com.mx\/index.php?rest_route=%2Fwp%2Fv2%2Fcategories&post=42941"},{"taxonomy":"post_tag","embeddable":true,"href":"https:\/\/encuentroinformativo.com.mx\/index.php?rest_route=%2Fwp%2Fv2%2Ftags&post=42941"}],"curies":[{"name":"wp","href":"https:\/\/api.w.org\/{rel}","templated":true}]}}