{"id":42944,"date":"2023-07-18T13:27:20","date_gmt":"2023-07-18T19:27:20","guid":{"rendered":"https:\/\/encuentroinformativo.com.mx\/?p=42944"},"modified":"2023-07-18T13:28:13","modified_gmt":"2023-07-18T19:28:13","slug":"elaboran-artesanos-de-alvarado-tapete-para-veracruz-puerto","status":"publish","type":"post","link":"https:\/\/encuentroinformativo.com.mx\/?p=42944","title":{"rendered":"Elaboran artesanos de Alvarado tapete para Veracruz Puerto"},"content":{"rendered":"\n<p><strong>Alejandro \u00c1vila<\/strong><\/p>\n\n\n\n<p>Veracruz, Ver.- La alcaldesa, Patricia Lobeira Rodr\u00edguez, confirm\u00f3 que durante esta temporada de verano se colocar\u00e1n dos tapetes artesanales; uno en la Plaza de Artesan\u00edas, y otro en el Z\u00f3calo de la ciudad; estos trabajos fueron realizados por mujeres del municipio de Alvarado.<\/p>\n\n\n\n<p>Debido al \u00e9xito obtenido el pasado mes de diciembre en el municipio de Veracruz, donde se coloc\u00f3 un tapete artesanal elaborado por mujeres de Acultzingo; en esta ocasi\u00f3n el municipio de Veracruz licit\u00f3 la realizaci\u00f3n de dos tapetes para que los turistas puedan tomarse fotograf\u00edas y subir a sus redes sociales.<\/p>\n\n\n\n<p>&#8220;El tapete es una belleza, quiero decirles que desde el a\u00f1o pasado nosotros quedamos enamorados con el trabajo que hicieron las artesanas, y nosotros mandamos a hacer uno aqu\u00ed Alvarado y nos lo hicieron igual artesanas de Alvarado, entonces tiene una relaci\u00f3n con el mar muy importante este tapete, lo vamos a tener en la Plaza de Artesan\u00edas, ah\u00ed en la Macroplaza pero tambi\u00e9n vamos a tener otro aqu\u00ed en el Z\u00f3calo, el cual van a poder estar disfrutando&#8221;, subray\u00f3.<\/p>\n\n\n\n<p>De la misma manera, la presidenta municipal dijo que se colocar\u00e1n en el Z\u00f3calo de la ciudad de Veracruz las figuras gigantes de To\u00f1ita y Agust\u00edn, la pareja de jarochos con la que tambi\u00e9n se podr\u00e1n tomar fotograf\u00edas.<\/p>\n\n\n\n<p>&#8220;Esta tapete se va a colocar hasta la siguiente semana, y To\u00f1ita y Agust\u00edn quedar\u00edan instalados a partir de este s\u00e1bado&#8221;, culmin\u00f3.<\/p>\n\n\n\n<figure class=\"wp-block-image size-large\"><img loading=\"lazy\" decoding=\"async\" width=\"819\" height=\"1024\" src=\"https:\/\/encuentroinformativo.com.mx\/wp-content\/uploads\/2023\/07\/IMG-20230718-WA0020-819x1024.jpg\" alt=\"\" class=\"wp-image-42945\" srcset=\"https:\/\/encuentroinformativo.com.mx\/wp-content\/uploads\/2023\/07\/IMG-20230718-WA0020-819x1024.jpg 819w, https:\/\/encuentroinformativo.com.mx\/wp-content\/uploads\/2023\/07\/IMG-20230718-WA0020-240x300.jpg 240w, https:\/\/encuentroinformativo.com.mx\/wp-content\/uploads\/2023\/07\/IMG-20230718-WA0020-768x960.jpg 768w, https:\/\/encuentroinformativo.com.mx\/wp-content\/uploads\/2023\/07\/IMG-20230718-WA0020.jpg 1080w\" sizes=\"auto, (max-width: 819px) 100vw, 819px\" \/><\/figure>\n","protected":false},"excerpt":{"rendered":"<p>Alejandro \u00c1vila Veracruz, Ver.- La alcaldesa, Patricia Lobeira Rodr\u00edguez, confirm\u00f3 que durante esta temporada de verano se colocar\u00e1n dos tapetes artesanales; uno en la Plaza de Artesan\u00edas, y otro en el Z\u00f3calo de la ciudad; estos trabajos fueron realizados por mujeres del municipio de Alvarado. Debido al \u00e9xito obtenido el pasado mes de diciembre en [&hellip;]<\/p>\n","protected":false},"author":2476,"featured_media":42945,"comment_status":"open","ping_status":"open","sticky":false,"template":"","format":"standard","meta":{"_jetpack_memberships_contains_paid_content":false,"footnotes":""},"categories":[2],"tags":[],"class_list":["post-42944","post","type-post","status-publish","format-standard","has-post-thumbnail","hentry","category-estado"],"jetpack_featured_media_url":"https:\/\/encuentroinformativo.com.mx\/wp-content\/uploads\/2023\/07\/IMG-20230718-WA0020.jpg","jetpack_sharing_enabled":true,"jetpack_likes_enabled":true,"amp_enabled":true,"_links":{"self":[{"href":"https:\/\/encuentroinformativo.com.mx\/index.php?rest_route=\/wp\/v2\/posts\/42944","targetHints":{"allow":["GET"]}}],"collection":[{"href":"https:\/\/encuentroinformativo.com.mx\/index.php?rest_route=\/wp\/v2\/posts"}],"about":[{"href":"https:\/\/encuentroinformativo.com.mx\/index.php?rest_route=\/wp\/v2\/types\/post"}],"author":[{"embeddable":true,"href":"https:\/\/encuentroinformativo.com.mx\/index.php?rest_route=\/wp\/v2\/users\/2476"}],"replies":[{"embeddable":true,"href":"https:\/\/encuentroinformativo.com.mx\/index.php?rest_route=%2Fwp%2Fv2%2Fcomments&post=42944"}],"version-history":[{"count":2,"href":"https:\/\/encuentroinformativo.com.mx\/index.php?rest_route=\/wp\/v2\/posts\/42944\/revisions"}],"predecessor-version":[{"id":42947,"href":"https:\/\/encuentroinformativo.com.mx\/index.php?rest_route=\/wp\/v2\/posts\/42944\/revisions\/42947"}],"wp:featuredmedia":[{"embeddable":true,"href":"https:\/\/encuentroinformativo.com.mx\/index.php?rest_route=\/wp\/v2\/media\/42945"}],"wp:attachment":[{"href":"https:\/\/encuentroinformativo.com.mx\/index.php?rest_route=%2Fwp%2Fv2%2Fmedia&parent=42944"}],"wp:term":[{"taxonomy":"category","embeddable":true,"href":"https:\/\/encuentroinformativo.com.mx\/index.php?rest_route=%2Fwp%2Fv2%2Fcategories&post=42944"},{"taxonomy":"post_tag","embeddable":true,"href":"https:\/\/encuentroinformativo.com.mx\/index.php?rest_route=%2Fwp%2Fv2%2Ftags&post=42944"}],"curies":[{"name":"wp","href":"https:\/\/api.w.org\/{rel}","templated":true}]}}