{"id":42948,"date":"2023-07-18T13:36:29","date_gmt":"2023-07-18T19:36:29","guid":{"rendered":"https:\/\/encuentroinformativo.com.mx\/?p=42948"},"modified":"2023-07-18T13:36:33","modified_gmt":"2023-07-18T19:36:33","slug":"promueve-ayuntamiento-porteno-cursos-de-verano-gratuitos","status":"publish","type":"post","link":"https:\/\/encuentroinformativo.com.mx\/?p=42948","title":{"rendered":"Promueve Ayuntamiento porte\u00f1o cursos de verano gratuitos"},"content":{"rendered":"\n<p><strong>Alejandro \u00c1vila<\/strong><\/p>\n\n\n\n<p>Veracruz, Ver.- Una vez m\u00e1s el Ayuntamiento de Veracruz inform\u00f3 sobre los Cursos de Verano que se llevar\u00e1n a cabo en las Unidades Deportivas y los cuales ser\u00e1n totalmente gratuitos.<\/p>\n\n\n\n<p>El director de Fomento Deportivo, Jos\u00e9 Salvatori Arjona, mencion\u00f3 que habr\u00e1 un cupo limitado para 200 peque\u00f1os en cada espacio; por lo que deben acudir a la Unidad Deportiva &#8220;Las Brisas&#8221;, Unidad Deportiva &#8220;El Hoyo&#8221; y en el zool\u00f3gico &#8220;Viveros&#8221;, para inscribirse a la brevedad posible.<\/p>\n\n\n\n<p>&#8220;Habr\u00e1 actividades recreativas, deportivas, vamos a llevar h\u00e9roes an\u00f3nimos como, pl\u00e1ticas con la polic\u00eda, tr\u00e1nsito, algunas asociaciones civiles que estar\u00e1n impartiendo estas pl\u00e1ticas tambi\u00e9n, algo divertido para todos los ni\u00f1os de entre 6 y 14 a\u00f1os&#8221;, dijo el funcionario municipal.<\/p>\n\n\n\n<p>El Curso de Verano inicia el 31 de julio y terminar\u00e1 el 14 de agosto, en horario de 9 de la ma\u00f1ana a 1 de la tarde.<\/p>\n\n\n\n<p>Jos\u00e9 Salvatori Arjona, resalt\u00f3 que en la playa Mart\u00ed se tendr\u00e1 nuevamente el gimnasio al aire libre, que agregar\u00e1 clases de crossfit y power lifting; adem\u00e1s de actividades de yoga y paddle surf.<\/p>\n","protected":false},"excerpt":{"rendered":"<p>Alejandro \u00c1vila Veracruz, Ver.- Una vez m\u00e1s el Ayuntamiento de Veracruz inform\u00f3 sobre los Cursos de Verano que se llevar\u00e1n a cabo en las Unidades Deportivas y los cuales ser\u00e1n totalmente gratuitos. El director de Fomento Deportivo, Jos\u00e9 Salvatori Arjona, mencion\u00f3 que habr\u00e1 un cupo limitado para 200 peque\u00f1os en cada espacio; por lo que [&hellip;]<\/p>\n","protected":false},"author":2476,"featured_media":42949,"comment_status":"open","ping_status":"open","sticky":false,"template":"","format":"standard","meta":{"_jetpack_memberships_contains_paid_content":false,"footnotes":""},"categories":[2],"tags":[],"class_list":["post-42948","post","type-post","status-publish","format-standard","has-post-thumbnail","hentry","category-estado"],"jetpack_featured_media_url":"https:\/\/encuentroinformativo.com.mx\/wp-content\/uploads\/2023\/07\/IMG-20230718-WA00362.jpg","jetpack_sharing_enabled":true,"jetpack_likes_enabled":true,"amp_enabled":true,"_links":{"self":[{"href":"https:\/\/encuentroinformativo.com.mx\/index.php?rest_route=\/wp\/v2\/posts\/42948","targetHints":{"allow":["GET"]}}],"collection":[{"href":"https:\/\/encuentroinformativo.com.mx\/index.php?rest_route=\/wp\/v2\/posts"}],"about":[{"href":"https:\/\/encuentroinformativo.com.mx\/index.php?rest_route=\/wp\/v2\/types\/post"}],"author":[{"embeddable":true,"href":"https:\/\/encuentroinformativo.com.mx\/index.php?rest_route=\/wp\/v2\/users\/2476"}],"replies":[{"embeddable":true,"href":"https:\/\/encuentroinformativo.com.mx\/index.php?rest_route=%2Fwp%2Fv2%2Fcomments&post=42948"}],"version-history":[{"count":1,"href":"https:\/\/encuentroinformativo.com.mx\/index.php?rest_route=\/wp\/v2\/posts\/42948\/revisions"}],"predecessor-version":[{"id":42950,"href":"https:\/\/encuentroinformativo.com.mx\/index.php?rest_route=\/wp\/v2\/posts\/42948\/revisions\/42950"}],"wp:featuredmedia":[{"embeddable":true,"href":"https:\/\/encuentroinformativo.com.mx\/index.php?rest_route=\/wp\/v2\/media\/42949"}],"wp:attachment":[{"href":"https:\/\/encuentroinformativo.com.mx\/index.php?rest_route=%2Fwp%2Fv2%2Fmedia&parent=42948"}],"wp:term":[{"taxonomy":"category","embeddable":true,"href":"https:\/\/encuentroinformativo.com.mx\/index.php?rest_route=%2Fwp%2Fv2%2Fcategories&post=42948"},{"taxonomy":"post_tag","embeddable":true,"href":"https:\/\/encuentroinformativo.com.mx\/index.php?rest_route=%2Fwp%2Fv2%2Ftags&post=42948"}],"curies":[{"name":"wp","href":"https:\/\/api.w.org\/{rel}","templated":true}]}}