{"id":42957,"date":"2023-07-18T14:56:52","date_gmt":"2023-07-18T20:56:52","guid":{"rendered":"https:\/\/encuentroinformativo.com.mx\/?p=42957"},"modified":"2023-07-18T14:56:55","modified_gmt":"2023-07-18T20:56:55","slug":"rinden-homenaje-a-nieta-del-pedagogo-luis-j-jimenez","status":"publish","type":"post","link":"https:\/\/encuentroinformativo.com.mx\/?p=42957","title":{"rendered":"Rinden homenaje a nieta del pedagogo Luis J. Jim\u00e9nez"},"content":{"rendered":"\n<p><strong>Juan Arcos <\/strong><\/p>\n\n\n\n<p>Xalapa, Ver.- Laura Jim\u00e9nez Montes, nieta del pedagogo Luis J. Jim\u00e9nez, fue homenajeada durante la ceremonia de graduaci\u00f3n de la generaci\u00f3n 2017-2023 en la escuela primaria que lleva el nombre de su abuelo y es una de las antiguas de la ciudad de Xalapa.<\/p>\n\n\n\n<p>Laura Jim\u00e9nez fue madrina de la generaci\u00f3n mencionada en la escuela \u201cLuis J. Jim\u00e9nez\u201d, ubicada sobre la avenida 20 de Noviembre, esquina con Justo Sierra, en la zona centro de la capital veracruzana.<\/p>\n\n\n\n<p>El director del plantel, Erick Alejandro Hern\u00e1ndez Ba\u00f1os, se\u00f1al\u00f3 que la ceremonia de graduaci\u00f3n lleva el nombre de \u201cLaura Jim\u00e9nez Montes\u201d, en honor al educador Luis J. Jim\u00e9nez, quien adem\u00e1s de profesor fuera periodista, escritor, autor de diversas poes\u00edas, coros y mon\u00f3logos infantiles,as\u00ed como egresado de la Benem\u00e9rita Escuela Normal Veracruzana (BENV) \u201cEnrique C. Rebsamen\u201d y posteriormente catedr\u00e1tico de \u00e9sta.<\/p>\n\n\n\n<p>Laura Jim\u00e9nez otorg\u00f3 un obsequio a la escuela: una fotograf\u00eda de la boda de Luis J. Jim\u00e9nez, que ahora ser\u00e1 parte del patrimonio hist\u00f3rico de la instituci\u00f3n acad\u00e9mica.<\/p>\n\n\n\n<p>\u201cEs un placer donar la fotograf\u00eda de mis abuelos don Luis J. Jim\u00e9nez y do\u00f1a Isabel Romero de Jim\u00e9nez a la escuela que orgullosamente lleva su nombre, gracias por inmortalizar su nombre, memoria y darme la oportunidad de contribuir a ello, aportando dicha fotograf\u00eda. Por siempre Laura Jim\u00e9nez Montes\u201d, se lee al reverso del portarretrato.<\/p>\n\n\n\n<p>Uno de los alumnos, en representaci\u00f3n de la comunidad escolar, ley\u00f3 la semblanza de do\u00f1a Laura Jim\u00e9nez Montes, quien naci\u00f3 el 15 de diciembre de 1932 y es hija de Sara Montes Ram\u00edrez y Carlos Jim\u00e9nez Romero.<\/p>\n\n\n\n<p>La se\u00f1ora Laura tuvo cinco hijos: Laura del Carmen, Rosa Elena, Maria Alejandro, Karla Mar\u00eda y Ver\u00f3nica Rafaela L\u00f3pez Jim\u00e9nez. Actualmente tiene 11 nietos y 15 bisnietos.<\/p>\n\n\n\n<p>Desde peque\u00f1a, Laura Jim\u00e9nez vivi\u00f3 con su t\u00eda Rosa Montes Ram\u00edrez, hermana de su madre, pues qued\u00f3 hu\u00e9rfana cuando ten\u00eda apenas nueve a\u00f1os.<\/p>\n\n\n\n<p>\u201cDesde peque\u00f1a tiene una relaci\u00f3n muy cercana con su abuela paterna, la se\u00f1ora Isabel Romero de Jim\u00e9nez. Laura no tuvo la oportunidad de conocer a su abuelo, pues \u00e9l muere a la edad de 45 a\u00f1os, antes de que Laura naciera\u201d.<\/p>\n\n\n\n<p>Seg\u00fan documentos del municipio de Xalapa, se sabe que el gobernador Antonio P\u00e9rez Rivera inaugur\u00f3 lo escuela primaria \u201cLuis J. Jim\u00e9nez\u201d en el a\u00f1o 1911, cuyo edificio es uno de los m\u00e1s grandes y antiguos de la ciudad capital.<\/p>\n","protected":false},"excerpt":{"rendered":"<p>Juan Arcos Xalapa, Ver.- Laura Jim\u00e9nez Montes, nieta del pedagogo Luis J. Jim\u00e9nez, fue homenajeada durante la ceremonia de graduaci\u00f3n de la generaci\u00f3n 2017-2023 en la escuela primaria que lleva el nombre de su abuelo y es una de las antiguas de la ciudad de Xalapa. Laura Jim\u00e9nez fue madrina de la generaci\u00f3n mencionada en [&hellip;]<\/p>\n","protected":false},"author":2476,"featured_media":42958,"comment_status":"open","ping_status":"open","sticky":false,"template":"","format":"standard","meta":{"_jetpack_memberships_contains_paid_content":false,"footnotes":""},"categories":[3],"tags":[],"class_list":["post-42957","post","type-post","status-publish","format-standard","has-post-thumbnail","hentry","category-xalapa"],"jetpack_featured_media_url":"https:\/\/encuentroinformativo.com.mx\/wp-content\/uploads\/2023\/07\/IMG_9461.jpg","jetpack_sharing_enabled":true,"jetpack_likes_enabled":true,"amp_enabled":true,"_links":{"self":[{"href":"https:\/\/encuentroinformativo.com.mx\/index.php?rest_route=\/wp\/v2\/posts\/42957","targetHints":{"allow":["GET"]}}],"collection":[{"href":"https:\/\/encuentroinformativo.com.mx\/index.php?rest_route=\/wp\/v2\/posts"}],"about":[{"href":"https:\/\/encuentroinformativo.com.mx\/index.php?rest_route=\/wp\/v2\/types\/post"}],"author":[{"embeddable":true,"href":"https:\/\/encuentroinformativo.com.mx\/index.php?rest_route=\/wp\/v2\/users\/2476"}],"replies":[{"embeddable":true,"href":"https:\/\/encuentroinformativo.com.mx\/index.php?rest_route=%2Fwp%2Fv2%2Fcomments&post=42957"}],"version-history":[{"count":1,"href":"https:\/\/encuentroinformativo.com.mx\/index.php?rest_route=\/wp\/v2\/posts\/42957\/revisions"}],"predecessor-version":[{"id":42959,"href":"https:\/\/encuentroinformativo.com.mx\/index.php?rest_route=\/wp\/v2\/posts\/42957\/revisions\/42959"}],"wp:featuredmedia":[{"embeddable":true,"href":"https:\/\/encuentroinformativo.com.mx\/index.php?rest_route=\/wp\/v2\/media\/42958"}],"wp:attachment":[{"href":"https:\/\/encuentroinformativo.com.mx\/index.php?rest_route=%2Fwp%2Fv2%2Fmedia&parent=42957"}],"wp:term":[{"taxonomy":"category","embeddable":true,"href":"https:\/\/encuentroinformativo.com.mx\/index.php?rest_route=%2Fwp%2Fv2%2Fcategories&post=42957"},{"taxonomy":"post_tag","embeddable":true,"href":"https:\/\/encuentroinformativo.com.mx\/index.php?rest_route=%2Fwp%2Fv2%2Ftags&post=42957"}],"curies":[{"name":"wp","href":"https:\/\/api.w.org\/{rel}","templated":true}]}}