{"id":42963,"date":"2023-07-18T20:38:08","date_gmt":"2023-07-19T02:38:08","guid":{"rendered":"https:\/\/encuentroinformativo.com.mx\/?p=42963"},"modified":"2023-07-18T20:38:12","modified_gmt":"2023-07-19T02:38:12","slug":"llevaremos-las-fiestas-de-santa-ana-a-las-colonias-alcalde-jm-unanue","status":"publish","type":"post","link":"https:\/\/encuentroinformativo.com.mx\/?p=42963","title":{"rendered":"Llevaremos las fiestas de Santa Ana a las colonias: Alcalde JM Un\u00e1nue"},"content":{"rendered":"\n<p><strong>*<em>Este s\u00e1bado a las 19 horas se llevar\u00e1 a cabo el desfile \u201cSanta Ana en tu Colonia\u201d en la colonia Carranza<\/em>.<br>\u00a0<\/strong><br>Boca del R\u00edo, Ver.- Todo est\u00e1 listo para que este s\u00e1bado 22 de julio se lleve a acabo por primera vez, el desfile de \u201cSanta Ana en tu Colonia\u201d, evento que tiene como objetivo acercar las fiestas de Santa Ana a toda la ciudadan\u00eda boque\u00f1a.<\/p>\n\n\n\n<p>Dicho evento se realizar\u00e1 en la calle 20 esquina Graciano Sanchez de la colonia Carranza, como pre\u00e1mbulo a la fiesta m\u00e1s representativa de Boca del R\u00edo que se vivir\u00e1 del 24 al 30 de julio.<\/p>\n\n\n\n<p>\u201cLa idea de \u2018Santa Ana en tu Colonia\u2019 es para que nuestros ciudadanos conozcan un poco m\u00e1s de lo que tenemos preparado para ellos y para quienes nos visiten, as\u00ed que est\u00e1n todos invitados, la van a pasar muy bien\u201d, expres\u00f3 el Alcalde Juan Manuel Un\u00e1nue.<br>&nbsp;<br>En \u201cSanta Ana en tu Colonia\u201d podr\u00e1n presenciar comparsas, batucadas, bastoneras, carros aleg\u00f3ricos, entre muchas cosas m\u00e1s.<br>&nbsp;<br><em>PROGRAMA DE ACTIVIDADES SANTA ANA 2023<\/em><br>&nbsp;<br>VIERNES 21 DE JULIO<br>Bendici\u00f3n de objetos para confirmaciones y pl\u00e1ticas<br>19:00 hrs. \/ Sal\u00f3n Ca\u00f1eros<br>&nbsp;<br>S\u00c1BADO 22 DE JULIO<br>Santa Ana en tu Colonia<br>19:00 hrs. \/ Calle 20 esquina Graciano S\u00e1nchez, colonia Carranza<br>&nbsp;<br>DOMINGO 23 DE JULIO<br>Confirmaciones<br>12:00 hrs. \/ Teatro Fernando Guti\u00e9rrez Barrios<br>2\u00aa Edici\u00f3n Carrera Conmemorativa Santa Ana 2023 3K y 5K: Medalla letra \u201cO\u201d.<br>7:00 hrs. \/ Bulevar Vicente Fox<br>&nbsp;<br>MARTES 25 DE JULIO<br>Procesi\u00f3n y Serenata<br>19:00 hrs. \/ De casa de la Cultura a Parroquia Santa Ana<br>Misa solemne al t\u00e9rmino de la Serenata<br>20:00 hrs. \/ Parroquia Santa Ana<br>&nbsp;<br>MI\u00c9RCOLES 26 DE JULIO<br>Misa Patrones Abuelos<br>12:00 hrs. \/ Parroquia Santa Ana<br>Paseo acu\u00e1tico y ofrenda floral para la se\u00f1ora de Santa Ana<br>13:30 hrs. \/ R\u00edo Jamapa<br>Misa de Clausura Fiestas de Santa Ana<br>19:00 hrs. \/ Parroquia Santa Ana<br>&nbsp;<br>JUEVES 27 DE JULIO<br>Concursos Tradicionales:<br>Carrera de Meseros<br>9:30 hrs. \/ Bulevar Vicente Fox<br>Cuerdas y Palo Encebado<br>11:00 hrs. \/ Playa Vicente Fox<br>Comelones<br>12:00 hrs. \/ Explanada Foro Boca<br>Yardas<br>13:00 hrs. \/ Explanada Foro Boca<br>Atarrayas<br>15:00 hrs. \/ R\u00edo Jamapa (atr\u00e1s de Palacio Municipal)<br>Coronaci\u00f3n de la Corte Real<br>21:00 hrs. \/ Plaza C\u00edvica<br>Concierto David Zahan<br>22:00 hrs. \/ Plaza C\u00edvica<br>&nbsp;<br>VIERNES 28 DE JULIO<br>Filete relleno de mariscos<br>15:00 hrs. \/ Av. Revoluci\u00f3n, Col. Centro<br>Concierto Luis Antonio L\u00f3pez \u201cEl Mimoso\u201d<br>22:00 hrs. \/ Plaza C\u00edvica<br>&nbsp;<br>S\u00c1BADO 29 DE JULIO<br>Tradicional ba\u00f1o popular<br>Padrinos: Ivonne Montero y Mario Polo<br>12:00 hrs. \/ Plaza C\u00edvica<br>Concierto La Arrolladora Banda El Lim\u00f3n<br>22:00 hrs. \/ Plaza C\u00edvica<br>&nbsp;<br>DOMINGO 30 DE JULIO<br>Clase SUP Yoga<br>6:00 hrs. \/ R\u00edo Jamapa (atr\u00e1s de Palacio Municipal)<br>Torito Gigante<br>18:00 hrs. \/ Plaza C\u00edvica<br>Concierto Junior Klan<br>22:00 hrs. \/ Plaza C\u00edvica<\/p>\n","protected":false},"excerpt":{"rendered":"<p>*Este s\u00e1bado a las 19 horas se llevar\u00e1 a cabo el desfile \u201cSanta Ana en tu Colonia\u201d en la colonia Carranza.\u00a0Boca del R\u00edo, Ver.- Todo est\u00e1 listo para que este s\u00e1bado 22 de julio se lleve a acabo por primera vez, el desfile de \u201cSanta Ana en tu Colonia\u201d, evento que tiene como objetivo acercar [&hellip;]<\/p>\n","protected":false},"author":2476,"featured_media":42964,"comment_status":"open","ping_status":"open","sticky":false,"template":"","format":"standard","meta":{"_jetpack_memberships_contains_paid_content":false,"footnotes":""},"categories":[2],"tags":[],"class_list":["post-42963","post","type-post","status-publish","format-standard","has-post-thumbnail","hentry","category-estado"],"jetpack_featured_media_url":"https:\/\/encuentroinformativo.com.mx\/wp-content\/uploads\/2023\/07\/IMG-20230718-WA00912.jpg","jetpack_sharing_enabled":true,"jetpack_likes_enabled":true,"amp_enabled":true,"_links":{"self":[{"href":"https:\/\/encuentroinformativo.com.mx\/index.php?rest_route=\/wp\/v2\/posts\/42963","targetHints":{"allow":["GET"]}}],"collection":[{"href":"https:\/\/encuentroinformativo.com.mx\/index.php?rest_route=\/wp\/v2\/posts"}],"about":[{"href":"https:\/\/encuentroinformativo.com.mx\/index.php?rest_route=\/wp\/v2\/types\/post"}],"author":[{"embeddable":true,"href":"https:\/\/encuentroinformativo.com.mx\/index.php?rest_route=\/wp\/v2\/users\/2476"}],"replies":[{"embeddable":true,"href":"https:\/\/encuentroinformativo.com.mx\/index.php?rest_route=%2Fwp%2Fv2%2Fcomments&post=42963"}],"version-history":[{"count":1,"href":"https:\/\/encuentroinformativo.com.mx\/index.php?rest_route=\/wp\/v2\/posts\/42963\/revisions"}],"predecessor-version":[{"id":42965,"href":"https:\/\/encuentroinformativo.com.mx\/index.php?rest_route=\/wp\/v2\/posts\/42963\/revisions\/42965"}],"wp:featuredmedia":[{"embeddable":true,"href":"https:\/\/encuentroinformativo.com.mx\/index.php?rest_route=\/wp\/v2\/media\/42964"}],"wp:attachment":[{"href":"https:\/\/encuentroinformativo.com.mx\/index.php?rest_route=%2Fwp%2Fv2%2Fmedia&parent=42963"}],"wp:term":[{"taxonomy":"category","embeddable":true,"href":"https:\/\/encuentroinformativo.com.mx\/index.php?rest_route=%2Fwp%2Fv2%2Fcategories&post=42963"},{"taxonomy":"post_tag","embeddable":true,"href":"https:\/\/encuentroinformativo.com.mx\/index.php?rest_route=%2Fwp%2Fv2%2Ftags&post=42963"}],"curies":[{"name":"wp","href":"https:\/\/api.w.org\/{rel}","templated":true}]}}