{"id":42966,"date":"2023-07-19T10:36:15","date_gmt":"2023-07-19T16:36:15","guid":{"rendered":"https:\/\/encuentroinformativo.com.mx\/?p=42966"},"modified":"2023-07-19T10:36:19","modified_gmt":"2023-07-19T16:36:19","slug":"pongale-nombre","status":"publish","type":"post","link":"https:\/\/encuentroinformativo.com.mx\/?p=42966","title":{"rendered":"P\u00d3NGALE NOMBRE!"},"content":{"rendered":"\n<p><strong>Los Pol\u00edticos<\/strong><\/p>\n\n\n\n<p><strong>Salvador Mu\u00f1oz<\/strong><\/p>\n\n\n\n<p>Todo el mundo opositor anda tan \u201cenxochitlado\u201d que ya no s\u00f3lo ven a la senadora como candidata a la Presidencia este 2024, sino tambi\u00e9n como factor de decisi\u00f3n en lo que respecta a la Gubernatura, en este caso, de Veracruz: \u00bfPor qui\u00e9n ha de inclinar la balanza la Rock Star Pol\u00edtica del momento?<\/p>\n\n\n\n<p>Por un lado, se habla de la amistad de Julen con la senadora, que dicho sea de paso, le asiste la raz\u00f3n al porte\u00f1o\u2026 \u00a1son cuates y no de ahora!<\/p>\n\n\n\n<p>Por otro lado, est\u00e1 el espaldarazo que la misma X\u00f3chitl le dio a Paty Lobeira, quien cort\u00e9s, opt\u00f3 por no opinar al respecto aunque eso no signifique que haya dejado a un lado la posibilidad de ser candidata\u2026 la puerta la deja abierta\u2026<\/p>\n\n\n\n<p>No obstante, hay quienes ven ante la posici\u00f3n pol\u00edticamente correcta de Paty, una rendija para decir \u201cSi no va ella, entonces va mi gallo\u201d, y por ah\u00ed ya le ven espolones a Pepe Yunes Zorrilla\u2026<\/p>\n\n\n\n<p>Aunque hay que dejar en claro una cosa: X\u00f3chitl est\u00e1 poniendo una vara muy alta para el que quiera en Veracruz, estar a la altura de la contienda que se avecina.<\/p>\n\n\n\n<p>Es decir: Pareciera que la hidalguense se educ\u00f3 en el \u201cBronx de la Pol\u00edtica\u201d; o siendo m\u00e1s localistas, en el \u201cTepito polaco\u201d; o siendo m\u00e1s aldeanos, en la \u201cProgreso de la grilla\u201d; y lo mismo se echa uno que otro albur; hace buen uso del lenguaje coloquial, l\u00e9pero, picaresco, sin caer en la vulgaridad, que responde con unos argumentos que ya los quisiera el Gobernador Cuitl\u00e1huac que acaba por enojarse y rega\u00f1ar a la prensa cuando es cuestionado\u2026 o lo mejor de X\u00f3chitl: es capaz de platicar con un lenguaje florido lleno de buenos argumentos y eso es algo que \u201cSalamanca non presta\u201d.<\/p>\n\n\n\n<p>Sabiendo esto, pongamos las piezas en el tablero y d\u00edgame qu\u00e9 personaje de los que por s\u00ed solos o amparados bajo el \u201cenxochitlado\u201d, pudiera estar a la altura para lo que se viene este 2024 con un estilo similar al de la hidalguense?<\/p>\n\n\n\n<p>A Pepe Yunes, si tuviera que usar una palabrota, es seguro que dir\u00eda \u201cParangaricutirim\u00edcuaro\u201d&#8230;<\/p>\n\n\n\n<p>Julen Rementer\u00eda es obvio que dir\u00eda \u201cGilipollas\u201d!<\/p>\n\n\n\n<p>A Chiquiyunes algunas veces lo han tachado de \u201cCarretonero\u201d&#8230;<\/p>\n\n\n\n<p>Paty dif\u00edcilmente se atrever\u00eda\u2026<\/p>\n\n\n\n<p>Anil\u00fa es posible que sacara su folclor jarocho\u2026<\/p>\n\n\n\n<p>Y a lo mejor estoy mal, pero H\u00e9ctor Yunes Landa s\u00ed se aventar\u00eda no s\u00f3lo una sarta de leperadas, sino que uno que otro buen albur si la ocasi\u00f3n lo amerita, eso s\u00ed, bien cuidado.<\/p>\n\n\n\n<p>Por supuesto\u2026 no digo que hay que sacar al arrabalero que llevamos dentro para ser candidato, sino tambi\u00e9n entender que los de enfrente, no se van a andar con \u201cuna pol\u00edtica de altura, de di\u00e1logo y fair play\u201d, porque su jefe, su l\u00edder, su guruji, les ha ense\u00f1ado&nbsp; todo lo contrario y no se anda con medias tintas a la hora de meter zancadillas, piquete de ojo y escupitajos\u2026 y nos queda claro que X\u00f3chitl responde igual o en una de \u00e9sas, hasta mejor que AMLO\u2026<\/p>\n\n\n\n<p>S\u00ed, habr\u00e1 que buscar en el candidato, no s\u00f3lo al m\u00e1s conocido, mejor posicionado, con un buen proyecto\u2026 sino que tenga las agallas para ponerse al t\u00fa por t\u00fa no con el candidato o candidata de Morena a la Gubernatura, sino con todo un aparato de Gobierno que es seguro, se le eche encima si percibe por un momento, que puede minar la continuidad a la que aspira la 4T\u2026<\/p>\n\n\n\n<p>As\u00ed que, ya con este rollo que me ech\u00e9, qui\u00e9n cree o ve con posibilidades realmente de enfrentar \u201cen un tirito\u201d, \u201cchile a chile\u201d, al monstruo que es Morena este 2024 en Veracruz? \u00bfPepe, H\u00e9ctor, Anil\u00fa, Julen, Miguel \u00c1ngel o Paty?&nbsp;<\/p>\n","protected":false},"excerpt":{"rendered":"<p>Los Pol\u00edticos Salvador Mu\u00f1oz Todo el mundo opositor anda tan \u201cenxochitlado\u201d que ya no s\u00f3lo ven a la senadora como candidata a la Presidencia este 2024, sino tambi\u00e9n como factor de decisi\u00f3n en lo que respecta a la Gubernatura, en este caso, de Veracruz: \u00bfPor qui\u00e9n ha de inclinar la balanza la Rock Star Pol\u00edtica [&hellip;]<\/p>\n","protected":false},"author":2476,"featured_media":387,"comment_status":"open","ping_status":"open","sticky":false,"template":"","format":"standard","meta":{"_jetpack_memberships_contains_paid_content":false,"footnotes":""},"categories":[11],"tags":[],"class_list":["post-42966","post","type-post","status-publish","format-standard","has-post-thumbnail","hentry","category-opinion"],"jetpack_featured_media_url":"https:\/\/encuentroinformativo.com.mx\/wp-content\/uploads\/2020\/03\/7CF8A22B-2764-47BE-8F7F-38FE9E5D6A2F.jpeg","jetpack_sharing_enabled":true,"jetpack_likes_enabled":true,"amp_enabled":true,"_links":{"self":[{"href":"https:\/\/encuentroinformativo.com.mx\/index.php?rest_route=\/wp\/v2\/posts\/42966","targetHints":{"allow":["GET"]}}],"collection":[{"href":"https:\/\/encuentroinformativo.com.mx\/index.php?rest_route=\/wp\/v2\/posts"}],"about":[{"href":"https:\/\/encuentroinformativo.com.mx\/index.php?rest_route=\/wp\/v2\/types\/post"}],"author":[{"embeddable":true,"href":"https:\/\/encuentroinformativo.com.mx\/index.php?rest_route=\/wp\/v2\/users\/2476"}],"replies":[{"embeddable":true,"href":"https:\/\/encuentroinformativo.com.mx\/index.php?rest_route=%2Fwp%2Fv2%2Fcomments&post=42966"}],"version-history":[{"count":1,"href":"https:\/\/encuentroinformativo.com.mx\/index.php?rest_route=\/wp\/v2\/posts\/42966\/revisions"}],"predecessor-version":[{"id":42967,"href":"https:\/\/encuentroinformativo.com.mx\/index.php?rest_route=\/wp\/v2\/posts\/42966\/revisions\/42967"}],"wp:featuredmedia":[{"embeddable":true,"href":"https:\/\/encuentroinformativo.com.mx\/index.php?rest_route=\/wp\/v2\/media\/387"}],"wp:attachment":[{"href":"https:\/\/encuentroinformativo.com.mx\/index.php?rest_route=%2Fwp%2Fv2%2Fmedia&parent=42966"}],"wp:term":[{"taxonomy":"category","embeddable":true,"href":"https:\/\/encuentroinformativo.com.mx\/index.php?rest_route=%2Fwp%2Fv2%2Fcategories&post=42966"},{"taxonomy":"post_tag","embeddable":true,"href":"https:\/\/encuentroinformativo.com.mx\/index.php?rest_route=%2Fwp%2Fv2%2Ftags&post=42966"}],"curies":[{"name":"wp","href":"https:\/\/api.w.org\/{rel}","templated":true}]}}