{"id":42971,"date":"2023-07-19T10:47:09","date_gmt":"2023-07-19T16:47:09","guid":{"rendered":"https:\/\/encuentroinformativo.com.mx\/?p=42971"},"modified":"2023-07-19T10:47:13","modified_gmt":"2023-07-19T16:47:13","slug":"confian-empresarios-en-finanzas-sanas-de-veracruz","status":"publish","type":"post","link":"https:\/\/encuentroinformativo.com.mx\/?p=42971","title":{"rendered":"Conf\u00edan empresarios en finanzas sanas de Veracruz"},"content":{"rendered":"\n<p><strong>Juan Arcos <\/strong><\/p>\n\n\n\n<p>Xalapa, Ver.- En el estado de Veracruz mejoraron los resultados de las calificadoras de los fondos y se ha reducido la deuda p\u00fablica, situaci\u00f3n que favorece a las c\u00e1maras empresariales.<\/p>\n\n\n\n<p>As\u00ed lo dio a conocer el presidente del Consejo Empresarial Metropolitano de Xalapa, Fernando Arana Watty, quien adem\u00e1s detall\u00f3 que reci\u00e9n se reunieron representantes empresariales con el titular de la Secretar\u00eda de Finanzas y Planeaci\u00f3n (Sefiplan), Jos\u00e9 Luis Lima Franco.<\/p>\n\n\n\n<p>\u201cInformaci\u00f3n que nos da y que es importante que conozcan los ciudadanos, por ejemplo, el aumento de las notas otorgadas a Veracruz por las calificadoras de los fondos, eso va otorgando la confianza a la inversi\u00f3n tambi\u00e9n en el estado\u201d.<\/p>\n\n\n\n<p>Tambi\u00e9n se cubri\u00f3 el pago de adeudos contra\u00eddos por administraciones anteriores como impuestos pendientes al Servicio de Administraci\u00f3n Tributaria (SAT) y compromisos con proveedores y ayuntamientos, por un total de 16 mil 356 millones de pesos.<\/p>\n\n\n\n<p>El empresario detall\u00f3 que el Secretario de Finanzas les proporcion\u00f3 dicha informaci\u00f3n y datos puntuales sobre las finanzas p\u00fablicas en el estado de Veracruz, donde se observan avances importantes en la materia.<\/p>\n\n\n\n<p>\u201cNos platicaba (Lima Franco) la reducci\u00f3n de la deuda p\u00fablica en el estado, eliminando as\u00ed la necesidad de pedir cr\u00e9ditos a corto plazo y con todo esto tenemos finanzas m\u00e1s sanas, en comparaci\u00f3n con a\u00f1os anteriores\u201d.<\/p>\n\n\n\n<p>La reducci\u00f3n de la deuda p\u00fablica es equivalente al 14.9 por ciento del total, eliminando la necesidad de cr\u00e9ditos a corto plazo a partir de 2024.<\/p>\n\n\n\n<p>Arana Watty tambi\u00e9n indic\u00f3 que se ha logrado reestructurar la deuda burs\u00e1til en algunos ayuntamientos, situaci\u00f3n que era necesaria para reducir la carga tributaria a los gobiernos locales.<\/p>\n\n\n\n<p>Mediante un convenio de colaboraci\u00f3n fiscal y una propuesta de reestructuraci\u00f3n, se ha apoyado a 76 comunas y 199 municipios para aligerar su deuda burs\u00e1til.<\/p>\n","protected":false},"excerpt":{"rendered":"<p>Juan Arcos Xalapa, Ver.- En el estado de Veracruz mejoraron los resultados de las calificadoras de los fondos y se ha reducido la deuda p\u00fablica, situaci\u00f3n que favorece a las c\u00e1maras empresariales. As\u00ed lo dio a conocer el presidente del Consejo Empresarial Metropolitano de Xalapa, Fernando Arana Watty, quien adem\u00e1s detall\u00f3 que reci\u00e9n se reunieron [&hellip;]<\/p>\n","protected":false},"author":2476,"featured_media":42972,"comment_status":"open","ping_status":"open","sticky":false,"template":"","format":"standard","meta":{"_jetpack_memberships_contains_paid_content":false,"footnotes":""},"categories":[2],"tags":[],"class_list":["post-42971","post","type-post","status-publish","format-standard","has-post-thumbnail","hentry","category-estado"],"jetpack_featured_media_url":"https:\/\/encuentroinformativo.com.mx\/wp-content\/uploads\/2023\/07\/IMG_6405.jpg","jetpack_sharing_enabled":true,"jetpack_likes_enabled":true,"amp_enabled":true,"_links":{"self":[{"href":"https:\/\/encuentroinformativo.com.mx\/index.php?rest_route=\/wp\/v2\/posts\/42971","targetHints":{"allow":["GET"]}}],"collection":[{"href":"https:\/\/encuentroinformativo.com.mx\/index.php?rest_route=\/wp\/v2\/posts"}],"about":[{"href":"https:\/\/encuentroinformativo.com.mx\/index.php?rest_route=\/wp\/v2\/types\/post"}],"author":[{"embeddable":true,"href":"https:\/\/encuentroinformativo.com.mx\/index.php?rest_route=\/wp\/v2\/users\/2476"}],"replies":[{"embeddable":true,"href":"https:\/\/encuentroinformativo.com.mx\/index.php?rest_route=%2Fwp%2Fv2%2Fcomments&post=42971"}],"version-history":[{"count":1,"href":"https:\/\/encuentroinformativo.com.mx\/index.php?rest_route=\/wp\/v2\/posts\/42971\/revisions"}],"predecessor-version":[{"id":42973,"href":"https:\/\/encuentroinformativo.com.mx\/index.php?rest_route=\/wp\/v2\/posts\/42971\/revisions\/42973"}],"wp:featuredmedia":[{"embeddable":true,"href":"https:\/\/encuentroinformativo.com.mx\/index.php?rest_route=\/wp\/v2\/media\/42972"}],"wp:attachment":[{"href":"https:\/\/encuentroinformativo.com.mx\/index.php?rest_route=%2Fwp%2Fv2%2Fmedia&parent=42971"}],"wp:term":[{"taxonomy":"category","embeddable":true,"href":"https:\/\/encuentroinformativo.com.mx\/index.php?rest_route=%2Fwp%2Fv2%2Fcategories&post=42971"},{"taxonomy":"post_tag","embeddable":true,"href":"https:\/\/encuentroinformativo.com.mx\/index.php?rest_route=%2Fwp%2Fv2%2Ftags&post=42971"}],"curies":[{"name":"wp","href":"https:\/\/api.w.org\/{rel}","templated":true}]}}