{"id":42983,"date":"2023-07-19T14:05:05","date_gmt":"2023-07-19T20:05:05","guid":{"rendered":"https:\/\/encuentroinformativo.com.mx\/?p=42983"},"modified":"2023-07-19T14:05:07","modified_gmt":"2023-07-19T20:05:07","slug":"piden-senadores-comparecencia-de-zoe-robledo","status":"publish","type":"post","link":"https:\/\/encuentroinformativo.com.mx\/?p=42983","title":{"rendered":"Piden senadores comparecencia de Zo\u00e9 Robledo"},"content":{"rendered":"\n<p><strong>Alejandro \u00c1vila<\/strong><\/p>\n\n\n\n<p>Veracruz, Ver.- El veracruzano, Julen Rementer\u00eda del Puerto, solicit\u00f3 ante la Comisi\u00f3n Permanente del Congreso de la Uni\u00f3n la comparecencia del director general del Instituto Mexicano del Seguro Social, Zoe Robledo Aburto, para que explique las causas de los recortes presupuestales, el gasto en inversi\u00f3n en ese instituto, as\u00ed como las medidas que tomar\u00e1 para corregir esta situaci\u00f3n.<\/p>\n\n\n\n<p>\u201cUrge mejorar las condiciones de la infraestructura m\u00e9dica, con el fin de brindar una atenci\u00f3n de calidad a la poblaci\u00f3n derechohabiente. La atenci\u00f3n de la salud de las y los mexicanos no ha sido una prioridad de este gobierno, sino todo lo contrario, el IMSS se ha convertido en un instituto desmantelado por la 4T\u201d, inst\u00f3.<\/p>\n\n\n\n<p>Rementer\u00eda del Puerto recrimin\u00f3 que por pol\u00edticas de capricho y no de priorizar el bienestar social dejaron a millones de personas sin seguridad social al destruir el sistema de salud para los no asegurados, como lo era el Seguro Popular.&nbsp;<\/p>\n\n\n\n<p>\u201cProvocaron el persistente desabasto de medicamentos e insumos m\u00e9dicos, fallaron en su gesti\u00f3n de la pandemia de Covid-19 ocasionando miles de muertes, dejaron sin vacunas y tratamientos contra el c\u00e1ncer a miles de ni\u00f1as y ni\u00f1os, y a todo esto hay que agregar el que han acelerado el deterioro de la infraestructura de las unidades m\u00e9dicas del sector salud, incluidas las del Instituto Mexicano del Seguro Social\u201d, refiri\u00f3.&nbsp;<\/p>\n\n\n\n<p>En el punto de acuerdo enlistado en la Gaceta Parlamentaria, el legislador panista puso como ejemplo el tr\u00e1gico suceso donde perdi\u00f3 la vida una ni\u00f1a de seis a\u00f1os en un elevador de un hospital del IMSS en Quintana Roo, que fue una desafortunada muestra de las malas condiciones en que se encuentra la infraestructura de las cl\u00ednicas y los hospitales p\u00fablicos.<\/p>\n\n\n\n<p>\u201cHoy el IMSS es sin\u00f3nimo de instalaciones inseguras para los pacientes y sus familiares, as\u00ed como para el personal de salud que labora en ellos\u2026. Hace unos a\u00f1os, el IMSS era una instituci\u00f3n de orgullo y prestigio por la calidad en la atenci\u00f3n a la salud que prestaba a su poblaci\u00f3n derechohabiente. Sin embargo, ahora las personas que sufren alguna enfermedad prefieren tratarse en unidades privadas, a pesar de estar afiliadas al IMSS, teniendo que recurrir a gastos que ocasionan un detrimento de su econom\u00eda\u201d, a\u00f1adi\u00f3.&nbsp;<\/p>\n\n\n\n<p>El legislador veracruzano expuso que en una revisi\u00f3n de las cifras de las Cuentas P\u00fablicas entre 2019 y 2022, publicadas por la Secretar\u00eda de Hacienda y Cr\u00e9dito P\u00fablico, muestran el gasto realizado por el Gobierno federal, en donde queda de manifiesto que la inversi\u00f3n en obra p\u00fablica en el IMSS sufri\u00f3 un fuerte recorte de 2 mil 402 millones de pesos, es decir, de lo aprobado en el presupuesto se dej\u00f3 de gastar una cuarta parte.<\/p>\n\n\n\n<p>\u201cOtro de los rubros que tambi\u00e9n sufrieron un recorte en su gasto es el relativo a la erogaci\u00f3n para compra de equipo e instrumental m\u00e9dico y de laboratorio. El recorte fue mucho m\u00e1s severo, ya que se dejaron de erogar en esos cuatro a\u00f1os 13 mil 201 millones de pesos, es decir, m\u00e1s de la mitad de lo que estaba aprobado en el presupuesto. Cabe se\u00f1alar que en la Cuenta P\u00fablica del a\u00f1o 2022 se consigna que, del programa del IMSS para sustituir y modernizar elevadores, al cual se le aprobaron m\u00e1s de 282 millones de pesos, y no se pag\u00f3 ning\u00fan monto el a\u00f1o pasado\u201d, concluy\u00f3.<\/p>\n","protected":false},"excerpt":{"rendered":"<p>Alejandro \u00c1vila Veracruz, Ver.- El veracruzano, Julen Rementer\u00eda del Puerto, solicit\u00f3 ante la Comisi\u00f3n Permanente del Congreso de la Uni\u00f3n la comparecencia del director general del Instituto Mexicano del Seguro Social, Zoe Robledo Aburto, para que explique las causas de los recortes presupuestales, el gasto en inversi\u00f3n en ese instituto, as\u00ed como las medidas que [&hellip;]<\/p>\n","protected":false},"author":2476,"featured_media":42984,"comment_status":"open","ping_status":"open","sticky":false,"template":"","format":"standard","meta":{"_jetpack_memberships_contains_paid_content":false,"footnotes":""},"categories":[12],"tags":[],"class_list":["post-42983","post","type-post","status-publish","format-standard","has-post-thumbnail","hentry","category-nacional"],"jetpack_featured_media_url":"https:\/\/encuentroinformativo.com.mx\/wp-content\/uploads\/2023\/07\/IMG-20230719-WA00442.jpg","jetpack_sharing_enabled":true,"jetpack_likes_enabled":true,"amp_enabled":true,"_links":{"self":[{"href":"https:\/\/encuentroinformativo.com.mx\/index.php?rest_route=\/wp\/v2\/posts\/42983","targetHints":{"allow":["GET"]}}],"collection":[{"href":"https:\/\/encuentroinformativo.com.mx\/index.php?rest_route=\/wp\/v2\/posts"}],"about":[{"href":"https:\/\/encuentroinformativo.com.mx\/index.php?rest_route=\/wp\/v2\/types\/post"}],"author":[{"embeddable":true,"href":"https:\/\/encuentroinformativo.com.mx\/index.php?rest_route=\/wp\/v2\/users\/2476"}],"replies":[{"embeddable":true,"href":"https:\/\/encuentroinformativo.com.mx\/index.php?rest_route=%2Fwp%2Fv2%2Fcomments&post=42983"}],"version-history":[{"count":1,"href":"https:\/\/encuentroinformativo.com.mx\/index.php?rest_route=\/wp\/v2\/posts\/42983\/revisions"}],"predecessor-version":[{"id":42985,"href":"https:\/\/encuentroinformativo.com.mx\/index.php?rest_route=\/wp\/v2\/posts\/42983\/revisions\/42985"}],"wp:featuredmedia":[{"embeddable":true,"href":"https:\/\/encuentroinformativo.com.mx\/index.php?rest_route=\/wp\/v2\/media\/42984"}],"wp:attachment":[{"href":"https:\/\/encuentroinformativo.com.mx\/index.php?rest_route=%2Fwp%2Fv2%2Fmedia&parent=42983"}],"wp:term":[{"taxonomy":"category","embeddable":true,"href":"https:\/\/encuentroinformativo.com.mx\/index.php?rest_route=%2Fwp%2Fv2%2Fcategories&post=42983"},{"taxonomy":"post_tag","embeddable":true,"href":"https:\/\/encuentroinformativo.com.mx\/index.php?rest_route=%2Fwp%2Fv2%2Ftags&post=42983"}],"curies":[{"name":"wp","href":"https:\/\/api.w.org\/{rel}","templated":true}]}}