{"id":42986,"date":"2023-07-19T14:08:18","date_gmt":"2023-07-19T20:08:18","guid":{"rendered":"https:\/\/encuentroinformativo.com.mx\/?p=42986"},"modified":"2023-07-19T14:08:23","modified_gmt":"2023-07-19T20:08:23","slug":"bajo-resguardo-ocho-ninos-migrantes-en-dif-porteno","status":"publish","type":"post","link":"https:\/\/encuentroinformativo.com.mx\/?p=42986","title":{"rendered":"Bajo resguardo ocho ni\u00f1os migrantes en DIF porte\u00f1o"},"content":{"rendered":"\n<p><strong>Alejandro \u00c1vila<\/strong><\/p>\n\n\n\n<p>Veracruz, Ver.- A trav\u00e9s del DIF municipal el Ayuntamiento de Veracruz mantiene bajo resguardo a ocho ni\u00f1os migrantes, confirm\u00f3 la titular del \u00e1rea, Iliana Le\u00f3n Huesca.<\/p>\n\n\n\n<p>La directora puntualiz\u00f3 que los peque\u00f1os han llegado tras reportes de la situaci\u00f3n vulnerable en la que viven, y como parte del protocolo han notificado al Instituto Nacional de Migraci\u00f3n.<\/p>\n\n\n\n<p>Seg\u00fan su reporte, los peque\u00f1os pertenecen a pa\u00edses como Guatemala, El Salvador y Honduras; siendo de estos lugares donde se ha incrementado el flujo de personas migrantes de todas las edades.<\/p>\n\n\n\n<p>&#8220;Los ni\u00f1os migrantes tambi\u00e9n est\u00e1n en situaci\u00f3n vulnerable (\u2026) aqu\u00ed hay mucho flujo de adultos y ni\u00f1os migrantes. En estas \u00faltimas fechas se ha incrementado el flujo de migrantes. Estamos haciendo recorridos en los paradores donde los migrantes se detienen a veces a hidratarse, estamos pendientes de que se les pueda atender\u201d, indic\u00f3.&nbsp;<\/p>\n\n\n\n<p>Resalt\u00f3 que el proceso jur\u00eddico de un menor indocumentado es complejo, deben tener atenci\u00f3n previa y se les proporciona revisi\u00f3n m\u00e9dica, psicol\u00f3gica y alimentaci\u00f3n; adem\u00e1s, dijo que el DIF prioriza que los menores sean repatriados a sus lugares de origen.&nbsp;<\/p>\n\n\n\n<p>\u201cNosotros no hacemos proceso de adopci\u00f3n con migrantes. Se ve su situaci\u00f3n de salud, psicol\u00f3gica y nutrici\u00f3n. Se busca reintegraci\u00f3n, repatriaci\u00f3n cuando sea necesario. Lo que hacemos es tambi\u00e9n tener la certeza jur\u00eddica de que cuando son repatriados llegan a un lugar seguro\u201d.&nbsp;<\/p>\n","protected":false},"excerpt":{"rendered":"<p>Alejandro \u00c1vila Veracruz, Ver.- A trav\u00e9s del DIF municipal el Ayuntamiento de Veracruz mantiene bajo resguardo a ocho ni\u00f1os migrantes, confirm\u00f3 la titular del \u00e1rea, Iliana Le\u00f3n Huesca. La directora puntualiz\u00f3 que los peque\u00f1os han llegado tras reportes de la situaci\u00f3n vulnerable en la que viven, y como parte del protocolo han notificado al Instituto [&hellip;]<\/p>\n","protected":false},"author":2476,"featured_media":17519,"comment_status":"open","ping_status":"open","sticky":false,"template":"","format":"standard","meta":{"_jetpack_memberships_contains_paid_content":false,"footnotes":""},"categories":[2],"tags":[],"class_list":["post-42986","post","type-post","status-publish","format-standard","has-post-thumbnail","hentry","category-estado"],"jetpack_featured_media_url":"https:\/\/encuentroinformativo.com.mx\/wp-content\/uploads\/2021\/08\/895E8C7B-1CE6-4C77-9FF4-72C605C51FE4.jpeg","jetpack_sharing_enabled":true,"jetpack_likes_enabled":true,"amp_enabled":true,"_links":{"self":[{"href":"https:\/\/encuentroinformativo.com.mx\/index.php?rest_route=\/wp\/v2\/posts\/42986","targetHints":{"allow":["GET"]}}],"collection":[{"href":"https:\/\/encuentroinformativo.com.mx\/index.php?rest_route=\/wp\/v2\/posts"}],"about":[{"href":"https:\/\/encuentroinformativo.com.mx\/index.php?rest_route=\/wp\/v2\/types\/post"}],"author":[{"embeddable":true,"href":"https:\/\/encuentroinformativo.com.mx\/index.php?rest_route=\/wp\/v2\/users\/2476"}],"replies":[{"embeddable":true,"href":"https:\/\/encuentroinformativo.com.mx\/index.php?rest_route=%2Fwp%2Fv2%2Fcomments&post=42986"}],"version-history":[{"count":1,"href":"https:\/\/encuentroinformativo.com.mx\/index.php?rest_route=\/wp\/v2\/posts\/42986\/revisions"}],"predecessor-version":[{"id":42987,"href":"https:\/\/encuentroinformativo.com.mx\/index.php?rest_route=\/wp\/v2\/posts\/42986\/revisions\/42987"}],"wp:featuredmedia":[{"embeddable":true,"href":"https:\/\/encuentroinformativo.com.mx\/index.php?rest_route=\/wp\/v2\/media\/17519"}],"wp:attachment":[{"href":"https:\/\/encuentroinformativo.com.mx\/index.php?rest_route=%2Fwp%2Fv2%2Fmedia&parent=42986"}],"wp:term":[{"taxonomy":"category","embeddable":true,"href":"https:\/\/encuentroinformativo.com.mx\/index.php?rest_route=%2Fwp%2Fv2%2Fcategories&post=42986"},{"taxonomy":"post_tag","embeddable":true,"href":"https:\/\/encuentroinformativo.com.mx\/index.php?rest_route=%2Fwp%2Fv2%2Ftags&post=42986"}],"curies":[{"name":"wp","href":"https:\/\/api.w.org\/{rel}","templated":true}]}}