{"id":42988,"date":"2023-07-19T14:42:46","date_gmt":"2023-07-19T20:42:46","guid":{"rendered":"https:\/\/encuentroinformativo.com.mx\/?p=42988"},"modified":"2023-07-19T14:42:50","modified_gmt":"2023-07-19T20:42:50","slug":"proxima-semana-resultados-de-licitaciones-de-corredor-interoceanico","status":"publish","type":"post","link":"https:\/\/encuentroinformativo.com.mx\/?p=42988","title":{"rendered":"Pr\u00f3xima semana, resultados de licitaciones de corredor interoce\u00e1nico"},"content":{"rendered":"\n<p><strong>Alejandro \u00c1vila<\/strong><\/p>\n\n\n\n<p>Veracruz, Ver.- El pr\u00f3ximo mi\u00e9rcoles 26 de julio en el estado de Veracruz, el gobernador, Cuitl\u00e1huac Garc\u00eda Jim\u00e9nez, en compa\u00f1\u00eda de su hom\u00f3logo en Oaxaca, Salom\u00f3n Jara Cruz; presentar\u00e1n el resultado de los procesos de licitaci\u00f3n de los Parques Industriales dentro del Corredor Interoce\u00e1nico.<\/p>\n\n\n\n<p>En dicho evento tambi\u00e9n estar\u00e1n presentes, Raquel Buenrostro S\u00e1nchez, secretaria de Econom\u00eda; Raymundo Morales \u00c1ngeles, director del Corredor Interoce\u00e1nico del Itsmo de Tehuantepec; inform\u00f3 el secretario de Desarrollo Econ\u00f3mico y Portuario, Enrique Nach\u00f3n Garc\u00eda, quien agreg\u00f3 en entrevista, existen cuatro listos en Veracruz y uno en Oaxaca.<\/p>\n\n\n\n<p>&#8220;Est\u00e1n comprando toda la informaci\u00f3n de licitaci\u00f3n todas las empresas, entonces ahorita el n\u00famero va a variar porque ma\u00f1ana se cierra el proceso de inscripci\u00f3n de licitaci\u00f3n de las empresas que lo puedan comprar (\u2026) hay dos en Coatzacoalcos, en Coatzacoalcos 1 y Coatzacoalcos 2, hay otro en San Juan Evangelista, y hay uno en Texistepec, son los cuatro en el estado de Veracruz&#8221;, remarc\u00f3, Enrique Nach\u00f3n.<\/p>\n\n\n\n<p>El titular de SEDECOP en Veracruz, dijo que el proyecto del Istmo de Tehuantepec en la entidad, tiene un avance del 92 por ciento en cuanto a sus carreteras, y el ferrocarril se encuentra en un 90 por ciento.<\/p>\n\n\n\n<p>Este jueves, Enrique Nach\u00f3n Garc\u00eda firm\u00f3 un convenio de colaboraci\u00f3n con la alcaldesa de Veracruz, Patricia Lobeira Rodr\u00edguez, a trav\u00e9s de la Comisi\u00f3n Intersecretarial de Fomento a la Inversi\u00f3n (COFIN), para lograr mayor inversi\u00f3n en el municipio; el funcionario estatal resalt\u00f3 que esta es la d\u00e9cimo tercer ciudad con la que se logra este acuerdo.<\/p>\n","protected":false},"excerpt":{"rendered":"<p>Alejandro \u00c1vila Veracruz, Ver.- El pr\u00f3ximo mi\u00e9rcoles 26 de julio en el estado de Veracruz, el gobernador, Cuitl\u00e1huac Garc\u00eda Jim\u00e9nez, en compa\u00f1\u00eda de su hom\u00f3logo en Oaxaca, Salom\u00f3n Jara Cruz; presentar\u00e1n el resultado de los procesos de licitaci\u00f3n de los Parques Industriales dentro del Corredor Interoce\u00e1nico. En dicho evento tambi\u00e9n estar\u00e1n presentes, Raquel Buenrostro S\u00e1nchez, [&hellip;]<\/p>\n","protected":false},"author":2476,"featured_media":42989,"comment_status":"open","ping_status":"open","sticky":false,"template":"","format":"standard","meta":{"_jetpack_memberships_contains_paid_content":false,"footnotes":""},"categories":[2],"tags":[],"class_list":["post-42988","post","type-post","status-publish","format-standard","has-post-thumbnail","hentry","category-estado"],"jetpack_featured_media_url":"https:\/\/encuentroinformativo.com.mx\/wp-content\/uploads\/2023\/07\/IMG-20230719-WA00462.jpg","jetpack_sharing_enabled":true,"jetpack_likes_enabled":true,"amp_enabled":true,"_links":{"self":[{"href":"https:\/\/encuentroinformativo.com.mx\/index.php?rest_route=\/wp\/v2\/posts\/42988","targetHints":{"allow":["GET"]}}],"collection":[{"href":"https:\/\/encuentroinformativo.com.mx\/index.php?rest_route=\/wp\/v2\/posts"}],"about":[{"href":"https:\/\/encuentroinformativo.com.mx\/index.php?rest_route=\/wp\/v2\/types\/post"}],"author":[{"embeddable":true,"href":"https:\/\/encuentroinformativo.com.mx\/index.php?rest_route=\/wp\/v2\/users\/2476"}],"replies":[{"embeddable":true,"href":"https:\/\/encuentroinformativo.com.mx\/index.php?rest_route=%2Fwp%2Fv2%2Fcomments&post=42988"}],"version-history":[{"count":1,"href":"https:\/\/encuentroinformativo.com.mx\/index.php?rest_route=\/wp\/v2\/posts\/42988\/revisions"}],"predecessor-version":[{"id":42990,"href":"https:\/\/encuentroinformativo.com.mx\/index.php?rest_route=\/wp\/v2\/posts\/42988\/revisions\/42990"}],"wp:featuredmedia":[{"embeddable":true,"href":"https:\/\/encuentroinformativo.com.mx\/index.php?rest_route=\/wp\/v2\/media\/42989"}],"wp:attachment":[{"href":"https:\/\/encuentroinformativo.com.mx\/index.php?rest_route=%2Fwp%2Fv2%2Fmedia&parent=42988"}],"wp:term":[{"taxonomy":"category","embeddable":true,"href":"https:\/\/encuentroinformativo.com.mx\/index.php?rest_route=%2Fwp%2Fv2%2Fcategories&post=42988"},{"taxonomy":"post_tag","embeddable":true,"href":"https:\/\/encuentroinformativo.com.mx\/index.php?rest_route=%2Fwp%2Fv2%2Ftags&post=42988"}],"curies":[{"name":"wp","href":"https:\/\/api.w.org\/{rel}","templated":true}]}}