{"id":42991,"date":"2023-07-19T15:00:09","date_gmt":"2023-07-19T21:00:09","guid":{"rendered":"https:\/\/encuentroinformativo.com.mx\/?p=42991"},"modified":"2023-07-19T15:00:13","modified_gmt":"2023-07-19T21:00:13","slug":"empresarios-xiquenos-se-oponen-al-cierre-de-vialidades","status":"publish","type":"post","link":"https:\/\/encuentroinformativo.com.mx\/?p=42991","title":{"rendered":"Empresarios xique\u00f1os se oponen al cierre de vialidades"},"content":{"rendered":"\n<p><strong>Juan Arcos <\/strong><\/p>\n\n\n\n<p>Xico, Ver.- Empresarios de Xico denunciaron posibles afectaciones econ\u00f3micas al Pueblo M\u00e1gico durante su fiesta patronal en honor a Mar\u00eda Magdalena, debido a que el gobierno estatal autoriz\u00f3 la realizaci\u00f3n del Campeonato Nacional 2023 Ruta y Contrareloj, que contempla cierres a la vialidad.<\/p>\n\n\n\n<p>En rueda de prensa, realizada en Xico, los comerciantes indicaron que ser\u00e1n cerradas vialidades durante los d\u00edas viernes, s\u00e1bado y domingo por la carrera ciclista.<\/p>\n\n\n\n<p>De acuerdo con el restaurantero Hilder Lara, la determinaci\u00f3n oficial ocasionar\u00eda una gran p\u00e9rdida econ\u00f3mica para ese sector, mismo que se ha preparado desde hace varios meses para los festejos patronales.<\/p>\n\n\n\n<p>El empresario acus\u00f3 que se enteraron de la carrera ciclista mediante las redes sociales y no fueron notificados en tiempo y forma por las autoridades correspondientes.<\/p>\n\n\n\n<p>\u201cVan a bloquear la carretera de Coatepec, lo cual se nos hace de poca sensibilidad pol\u00edtica por parte del gobierno del estado, cuando saben perfectamente que nos estamos preparando para este evento tan importante a nivel nacional y no es de estas fechas, sino que tiene m\u00e1s de 80 a\u00f1os&#8221;, expres\u00f3.<\/p>\n\n\n\n<p>Los empresarios solicitaron al gobierno estatal que postergue el evento deportivo, para garantizar el arribo de visitantes a Xico durante las actividades culturales.<\/p>\n\n\n\n<p>\u201cNos sentimos preocupados, molestos, ofendidos y la verdad no se debe hacer y ya no es posible cerrar vialidades y ah\u00ed est\u00e1 el vel\u00f3dromo\u201d, enfatiz\u00f3 Hilder Lara.<\/p>\n\n\n\n<p>Cabe recordar que en redes sociales se alerta sobre el cierre del bulevar Xalapa-Coatepec, durante los d\u00edas viernes, s\u00e1bado y domingo por el evento deportivo, organizado por la Federaci\u00f3n Mexicana de Ciclismo.<\/p>\n\n\n\n<p>El cierre ser\u00e1 el viernes de 9:30 a 16:00 horas, as\u00ed como el s\u00e1bado y el domingo, en un horario de 6:00 a 16:00 horas. Las rutas alternas ser\u00e1n la carretera antigua a Coatepec y el camino Coatepec-Las Trancas.<\/p>\n","protected":false},"excerpt":{"rendered":"<p>Juan Arcos Xico, Ver.- Empresarios de Xico denunciaron posibles afectaciones econ\u00f3micas al Pueblo M\u00e1gico durante su fiesta patronal en honor a Mar\u00eda Magdalena, debido a que el gobierno estatal autoriz\u00f3 la realizaci\u00f3n del Campeonato Nacional 2023 Ruta y Contrareloj, que contempla cierres a la vialidad. En rueda de prensa, realizada en Xico, los comerciantes indicaron [&hellip;]<\/p>\n","protected":false},"author":2476,"featured_media":42992,"comment_status":"open","ping_status":"open","sticky":false,"template":"","format":"standard","meta":{"_jetpack_memberships_contains_paid_content":false,"footnotes":""},"categories":[8],"tags":[],"class_list":["post-42991","post","type-post","status-publish","format-standard","has-post-thumbnail","hentry","category-region"],"jetpack_featured_media_url":"https:\/\/encuentroinformativo.com.mx\/wp-content\/uploads\/2023\/07\/8dc89f2f-1cd8-4c33-85c5-bc53443132892.jpg","jetpack_sharing_enabled":true,"jetpack_likes_enabled":true,"amp_enabled":true,"_links":{"self":[{"href":"https:\/\/encuentroinformativo.com.mx\/index.php?rest_route=\/wp\/v2\/posts\/42991","targetHints":{"allow":["GET"]}}],"collection":[{"href":"https:\/\/encuentroinformativo.com.mx\/index.php?rest_route=\/wp\/v2\/posts"}],"about":[{"href":"https:\/\/encuentroinformativo.com.mx\/index.php?rest_route=\/wp\/v2\/types\/post"}],"author":[{"embeddable":true,"href":"https:\/\/encuentroinformativo.com.mx\/index.php?rest_route=\/wp\/v2\/users\/2476"}],"replies":[{"embeddable":true,"href":"https:\/\/encuentroinformativo.com.mx\/index.php?rest_route=%2Fwp%2Fv2%2Fcomments&post=42991"}],"version-history":[{"count":1,"href":"https:\/\/encuentroinformativo.com.mx\/index.php?rest_route=\/wp\/v2\/posts\/42991\/revisions"}],"predecessor-version":[{"id":42993,"href":"https:\/\/encuentroinformativo.com.mx\/index.php?rest_route=\/wp\/v2\/posts\/42991\/revisions\/42993"}],"wp:featuredmedia":[{"embeddable":true,"href":"https:\/\/encuentroinformativo.com.mx\/index.php?rest_route=\/wp\/v2\/media\/42992"}],"wp:attachment":[{"href":"https:\/\/encuentroinformativo.com.mx\/index.php?rest_route=%2Fwp%2Fv2%2Fmedia&parent=42991"}],"wp:term":[{"taxonomy":"category","embeddable":true,"href":"https:\/\/encuentroinformativo.com.mx\/index.php?rest_route=%2Fwp%2Fv2%2Fcategories&post=42991"},{"taxonomy":"post_tag","embeddable":true,"href":"https:\/\/encuentroinformativo.com.mx\/index.php?rest_route=%2Fwp%2Fv2%2Ftags&post=42991"}],"curies":[{"name":"wp","href":"https:\/\/api.w.org\/{rel}","templated":true}]}}