{"id":43003,"date":"2023-07-20T13:05:06","date_gmt":"2023-07-20T19:05:06","guid":{"rendered":"https:\/\/encuentroinformativo.com.mx\/?p=43003"},"modified":"2023-07-20T13:05:09","modified_gmt":"2023-07-20T19:05:09","slug":"mantienen-campamento-en-obra-de-lazaro-cardenas","status":"publish","type":"post","link":"https:\/\/encuentroinformativo.com.mx\/?p=43003","title":{"rendered":"Mantienen campamento en obra de L\u00e1zaro C\u00e1rdenas"},"content":{"rendered":"\n<p><strong>Juan Arcos <\/strong><\/p>\n\n\n\n<p>Xalapa, Ver.- Ciudadanos y ambientalistas permanecen en el campamento sobre el camell\u00f3n de la avenida L\u00e1zaro C\u00e1rdenas, en esta ciudad de Xalapa, para impedir que sean talados los \u00e1rboles.<\/p>\n\n\n\n<p>Las personas se oponen a la construcci\u00f3n del Paso Superior Vehicular (PSV), que contempla la tala de 64 \u00e1rboles a la altura de la colonia Rafael Lucio, donde la mayor\u00eda de los ejemplares ya fueron derribados, la noche del pasado lunes y la madrugada del martes.<\/p>\n\n\n\n<p>Yesenia Cort\u00e9s, una de los manifestantes, dio a conocer que recibieron informaci\u00f3n sobre la intenci\u00f3n del gobierno para enviar granaderos y desalojarlos.<\/p>\n\n\n\n<p>Sin embargo, enfatiz\u00f3 que los vecinos de la colonia Rafael Lucio y las dem\u00e1s personas que se han sumado al movimiento continuar\u00e1n con las guardias permanentes.<\/p>\n\n\n\n<p>\u201cSe dice que a las 10 de la ma\u00f1ana llegar\u00e1n grupos de granaderos a desalojarnos. C\u00f3mo pueden ver no estamos armados, no estamos fuera del marco de la ley, no estamos provocando m\u00e1s que el despertar de la consciencia y la preservaci\u00f3n ambiental\u201d.<\/p>\n\n\n\n<p>Los quejosos han externado que no fueron tomados en cuenta por las autoridades para la realizaci\u00f3n de dicha obra. Adem\u00e1s, de que no hay una Manifestaci\u00f3n de Impacto Ambiental al respecto.<\/p>\n\n\n\n<p>Los inconformes contin\u00faan recabando firmas para emprender acciones legales y as\u00ed detener la construcci\u00f3n del puente, pues consideran que est\u00e1 generando un da\u00f1o ambiental.<\/p>\n","protected":false},"excerpt":{"rendered":"<p>Juan Arcos Xalapa, Ver.- Ciudadanos y ambientalistas permanecen en el campamento sobre el camell\u00f3n de la avenida L\u00e1zaro C\u00e1rdenas, en esta ciudad de Xalapa, para impedir que sean talados los \u00e1rboles. Las personas se oponen a la construcci\u00f3n del Paso Superior Vehicular (PSV), que contempla la tala de 64 \u00e1rboles a la altura de la [&hellip;]<\/p>\n","protected":false},"author":2476,"featured_media":43004,"comment_status":"open","ping_status":"open","sticky":false,"template":"","format":"standard","meta":{"_jetpack_memberships_contains_paid_content":false,"footnotes":""},"categories":[3],"tags":[],"class_list":["post-43003","post","type-post","status-publish","format-standard","has-post-thumbnail","hentry","category-xalapa"],"jetpack_featured_media_url":"https:\/\/encuentroinformativo.com.mx\/wp-content\/uploads\/2023\/07\/a4433d00-ee6f-4b95-b9d8-3af8a9cd01e4.jpg","jetpack_sharing_enabled":true,"jetpack_likes_enabled":true,"amp_enabled":true,"_links":{"self":[{"href":"https:\/\/encuentroinformativo.com.mx\/index.php?rest_route=\/wp\/v2\/posts\/43003","targetHints":{"allow":["GET"]}}],"collection":[{"href":"https:\/\/encuentroinformativo.com.mx\/index.php?rest_route=\/wp\/v2\/posts"}],"about":[{"href":"https:\/\/encuentroinformativo.com.mx\/index.php?rest_route=\/wp\/v2\/types\/post"}],"author":[{"embeddable":true,"href":"https:\/\/encuentroinformativo.com.mx\/index.php?rest_route=\/wp\/v2\/users\/2476"}],"replies":[{"embeddable":true,"href":"https:\/\/encuentroinformativo.com.mx\/index.php?rest_route=%2Fwp%2Fv2%2Fcomments&post=43003"}],"version-history":[{"count":1,"href":"https:\/\/encuentroinformativo.com.mx\/index.php?rest_route=\/wp\/v2\/posts\/43003\/revisions"}],"predecessor-version":[{"id":43005,"href":"https:\/\/encuentroinformativo.com.mx\/index.php?rest_route=\/wp\/v2\/posts\/43003\/revisions\/43005"}],"wp:featuredmedia":[{"embeddable":true,"href":"https:\/\/encuentroinformativo.com.mx\/index.php?rest_route=\/wp\/v2\/media\/43004"}],"wp:attachment":[{"href":"https:\/\/encuentroinformativo.com.mx\/index.php?rest_route=%2Fwp%2Fv2%2Fmedia&parent=43003"}],"wp:term":[{"taxonomy":"category","embeddable":true,"href":"https:\/\/encuentroinformativo.com.mx\/index.php?rest_route=%2Fwp%2Fv2%2Fcategories&post=43003"},{"taxonomy":"post_tag","embeddable":true,"href":"https:\/\/encuentroinformativo.com.mx\/index.php?rest_route=%2Fwp%2Fv2%2Ftags&post=43003"}],"curies":[{"name":"wp","href":"https:\/\/api.w.org\/{rel}","templated":true}]}}