{"id":43010,"date":"2023-07-20T15:12:00","date_gmt":"2023-07-20T21:12:00","guid":{"rendered":"https:\/\/encuentroinformativo.com.mx\/?p=43010"},"modified":"2023-07-20T15:12:04","modified_gmt":"2023-07-20T21:12:04","slug":"incierto-retorno-de-futbol-a-veracruz-carlos-bremer","status":"publish","type":"post","link":"https:\/\/encuentroinformativo.com.mx\/?p=43010","title":{"rendered":"Incierto retorno de f\u00fatbol a Veracruz: Carlos Bremer"},"content":{"rendered":"\n<p><strong>Alejandro \u00c1vila<\/strong><\/p>\n\n\n\n<p>Boca del R\u00edo, Ver.- El empresario regiomontano, Carlos Bremer Guti\u00e9rrez, revir\u00f3 al gobernador, Cuitl\u00e1huac Garc\u00eda Jim\u00e9nez, y no asegur\u00f3 que haya un equipo de f\u00fatbol en Veracruz para el 2024.<\/p>\n\n\n\n<p>El due\u00f1o de Grupo <em>Value<\/em> y principal impulsor del deporte en el sexenio del presidente, Andr\u00e9s Manuel L\u00f3pez Obrador, mencion\u00f3 por primera vez que el estadio de Veracruz, Luis &#8220;Pirata&#8221; Fuente, cuenta con un veto de la FIFA, a pesar de que este est\u00e1 siendo remodelado bajo el argumento de que habr\u00e1 f\u00fatbol profesional en el 2024.<\/p>\n\n\n\n<p>&#8220;Eso es muy cuesta arriba porque el estadio tiene una suspensi\u00f3n de la FIFA, est\u00e1 muy complicado, pero estamos tratando de ver por donde nos metemos, ya sea para traer un equipo de Liga de Expansi\u00f3n en el pr\u00f3ximo a\u00f1o o en los pr\u00f3ximos a\u00f1os, o algo con lo que podamos empezar y volverle el f\u00fatbol a una gran afici\u00f3n que es esta (\u2026) vamos a intentarlo (\u2026) s\u00ed, nada m\u00e1s que el estadio est\u00e1 vetado, tenemos que ver por d\u00f3nde podemos negociar con la FIFA y con la Federaci\u00f3n Mexicana de F\u00fatbol y que s\u00ed se pueda&#8221;, asest\u00f3.<\/p>\n\n\n\n<p>El empresario regiomontano qui\u00e9n promovi\u00f3 el regreso del b\u00e9isbol y b\u00e1squetbol profesional en la zona conurbada Veracruz &#8211; Boca del R\u00edo; reconoci\u00f3 que la remodelaci\u00f3n del estadio de f\u00fatbol ayudar\u00e1 a que la FIFA acepte volver a revisar la situaci\u00f3n de la franquicia de Veracruz, de la misma manera, dijo que mientras podr\u00eda utilizarse el recinto futbolero para otras actividades de entretenimiento.<\/p>\n\n\n\n<p>&#8220;Necesitamos ver la situaci\u00f3n jur\u00eddica para ver como hacerle y devolver el f\u00fatbol (\u2026) la verdad tenemos que hacerlo despacio y con cuidado porque no es tan f\u00e1cil, pero no lo vamos a dejar de intentar (\u2026) no s\u00e9, lo del f\u00fatbol no s\u00e9, hasta que haya un equipo buen precio, haya manera de ver si se puede traer aqu\u00ed al Puerto o alguna de las ciudades aqu\u00ed cerquita, tendr\u00edamos que ver por donde es lo mejor para la afici\u00f3n veracruzana (\u2026) no s\u00e9 si varios a\u00f1os, nosotros lo tratamos de hacer todo r\u00e1pido&#8221;, finaliz\u00f3.<\/p>\n","protected":false},"excerpt":{"rendered":"<p>Alejandro \u00c1vila Boca del R\u00edo, Ver.- El empresario regiomontano, Carlos Bremer Guti\u00e9rrez, revir\u00f3 al gobernador, Cuitl\u00e1huac Garc\u00eda Jim\u00e9nez, y no asegur\u00f3 que haya un equipo de f\u00fatbol en Veracruz para el 2024. El due\u00f1o de Grupo Value y principal impulsor del deporte en el sexenio del presidente, Andr\u00e9s Manuel L\u00f3pez Obrador, mencion\u00f3 por primera vez [&hellip;]<\/p>\n","protected":false},"author":2476,"featured_media":43011,"comment_status":"open","ping_status":"open","sticky":false,"template":"","format":"standard","meta":{"_jetpack_memberships_contains_paid_content":false,"footnotes":""},"categories":[2],"tags":[],"class_list":["post-43010","post","type-post","status-publish","format-standard","has-post-thumbnail","hentry","category-estado"],"jetpack_featured_media_url":"https:\/\/encuentroinformativo.com.mx\/wp-content\/uploads\/2023\/07\/IMG-20230720-WA00462.jpg","jetpack_sharing_enabled":true,"jetpack_likes_enabled":true,"amp_enabled":true,"_links":{"self":[{"href":"https:\/\/encuentroinformativo.com.mx\/index.php?rest_route=\/wp\/v2\/posts\/43010","targetHints":{"allow":["GET"]}}],"collection":[{"href":"https:\/\/encuentroinformativo.com.mx\/index.php?rest_route=\/wp\/v2\/posts"}],"about":[{"href":"https:\/\/encuentroinformativo.com.mx\/index.php?rest_route=\/wp\/v2\/types\/post"}],"author":[{"embeddable":true,"href":"https:\/\/encuentroinformativo.com.mx\/index.php?rest_route=\/wp\/v2\/users\/2476"}],"replies":[{"embeddable":true,"href":"https:\/\/encuentroinformativo.com.mx\/index.php?rest_route=%2Fwp%2Fv2%2Fcomments&post=43010"}],"version-history":[{"count":1,"href":"https:\/\/encuentroinformativo.com.mx\/index.php?rest_route=\/wp\/v2\/posts\/43010\/revisions"}],"predecessor-version":[{"id":43012,"href":"https:\/\/encuentroinformativo.com.mx\/index.php?rest_route=\/wp\/v2\/posts\/43010\/revisions\/43012"}],"wp:featuredmedia":[{"embeddable":true,"href":"https:\/\/encuentroinformativo.com.mx\/index.php?rest_route=\/wp\/v2\/media\/43011"}],"wp:attachment":[{"href":"https:\/\/encuentroinformativo.com.mx\/index.php?rest_route=%2Fwp%2Fv2%2Fmedia&parent=43010"}],"wp:term":[{"taxonomy":"category","embeddable":true,"href":"https:\/\/encuentroinformativo.com.mx\/index.php?rest_route=%2Fwp%2Fv2%2Fcategories&post=43010"},{"taxonomy":"post_tag","embeddable":true,"href":"https:\/\/encuentroinformativo.com.mx\/index.php?rest_route=%2Fwp%2Fv2%2Ftags&post=43010"}],"curies":[{"name":"wp","href":"https:\/\/api.w.org\/{rel}","templated":true}]}}