{"id":43016,"date":"2023-07-20T17:04:59","date_gmt":"2023-07-20T23:04:59","guid":{"rendered":"https:\/\/encuentroinformativo.com.mx\/?p=43016"},"modified":"2023-07-20T17:05:03","modified_gmt":"2023-07-20T23:05:03","slug":"rescatan-a-trailero-prensado-en-la-xalapa-perote","status":"publish","type":"post","link":"https:\/\/encuentroinformativo.com.mx\/?p=43016","title":{"rendered":"Rescatan a trailero prensado en la Xalapa &#8211; Perote"},"content":{"rendered":"\n<p><strong>Juan Arcos <\/strong><\/p>\n\n\n\n<p>Xalapa, Ver.- El chofer de un tr\u00e1iler qued\u00f3 prensado tras un fuerte accidente ocurrido sobre la carretera Perote-Xalapa, a la altura de la comunidad Piletas, municipio de Rafael Lucio, donde la gente que circulaba por el sitio y param\u00e9dicos lo auxiliaron y lograron rescatarlo.<\/p>\n\n\n\n<p>Se presume que la unidad de carga pesada se qued\u00f3 sin frenos y el trailero perdi\u00f3 el control, impactando otros cuatro veh\u00edculos que tambi\u00e9n circulaban con direcci\u00f3n a la capital de Veracruz.<\/p>\n\n\n\n<p>En su camino reg\u00f3 material y golpe\u00f3 dos coches. Metros m\u00e1s adelante volc\u00f3 y pas\u00f3 a traer dos unidades m\u00e1s, dejando dos personas lesionadas, que fueron trasladadas a hospitales para su valoraci\u00f3n m\u00e9dica.<\/p>\n\n\n\n<p>Los cuerpos de emergencia se movilizaron de manera inmediata para atender el accidente en este tramo carretero, donde se vio afectada la circulaci\u00f3n vehicular durante varios minutos.<\/p>\n\n\n\n<p>La Direcci\u00f3n General de Tr\u00e1nsito y Seguridad Vial (Dgtsv) report\u00f3 el siniestro 10:29 horas de este jueves 20 de julio y la vialidad fue liberada a las 11:17 horas.<\/p>\n\n\n\n<p>El chofer estaba atorado entre los fierros destrozados de la cabina del tr\u00e1iler, que proced\u00eda del municipio de Perote; sin embargo, la r\u00e1pida respuesta permiti\u00f3 que el hombre quedara a salvo.<\/p>\n\n\n\n<p>En el operativo participaron la Polic\u00eda Estatal, Protecci\u00f3n Civil del municipio de Banderilla, C\u00f3digo Bravo, Fuerza Civil, Cuerpo de Bomberos de Xalapa, Polic\u00eda Vial, Escuadr\u00f3n Nacional de Rescate (ENR), Rescate Escorpi\u00f3n, Ambulancias SAX, Guardia Nacional y voluntarios.<\/p>\n\n\n\n<p>Cabe destacar que en dicha carretera son constantes los percances viales y las volcaduras, sobre todo donde se ven involucrados veh\u00edculos de carga pesada.<\/p>\n\n\n\n<figure class=\"wp-block-image size-large\"><img loading=\"lazy\" decoding=\"async\" width=\"1024\" height=\"768\" src=\"https:\/\/encuentroinformativo.com.mx\/wp-content\/uploads\/2023\/07\/IMG_9791-1024x768.jpg\" alt=\"\" class=\"wp-image-43018\" srcset=\"https:\/\/encuentroinformativo.com.mx\/wp-content\/uploads\/2023\/07\/IMG_9791-1024x768.jpg 1024w, https:\/\/encuentroinformativo.com.mx\/wp-content\/uploads\/2023\/07\/IMG_9791-300x225.jpg 300w, https:\/\/encuentroinformativo.com.mx\/wp-content\/uploads\/2023\/07\/IMG_9791-768x576.jpg 768w, https:\/\/encuentroinformativo.com.mx\/wp-content\/uploads\/2023\/07\/IMG_9791-1536x1152.jpg 1536w, https:\/\/encuentroinformativo.com.mx\/wp-content\/uploads\/2023\/07\/IMG_9791.jpg 1600w\" sizes=\"auto, (max-width: 1024px) 100vw, 1024px\" \/><\/figure>\n","protected":false},"excerpt":{"rendered":"<p>Juan Arcos Xalapa, Ver.- El chofer de un tr\u00e1iler qued\u00f3 prensado tras un fuerte accidente ocurrido sobre la carretera Perote-Xalapa, a la altura de la comunidad Piletas, municipio de Rafael Lucio, donde la gente que circulaba por el sitio y param\u00e9dicos lo auxiliaron y lograron rescatarlo. Se presume que la unidad de carga pesada se [&hellip;]<\/p>\n","protected":false},"author":2476,"featured_media":43017,"comment_status":"open","ping_status":"open","sticky":false,"template":"","format":"standard","meta":{"_jetpack_memberships_contains_paid_content":false,"footnotes":""},"categories":[8],"tags":[],"class_list":["post-43016","post","type-post","status-publish","format-standard","has-post-thumbnail","hentry","category-region"],"jetpack_featured_media_url":"https:\/\/encuentroinformativo.com.mx\/wp-content\/uploads\/2023\/07\/IMG_9786.jpg","jetpack_sharing_enabled":true,"jetpack_likes_enabled":true,"amp_enabled":true,"_links":{"self":[{"href":"https:\/\/encuentroinformativo.com.mx\/index.php?rest_route=\/wp\/v2\/posts\/43016","targetHints":{"allow":["GET"]}}],"collection":[{"href":"https:\/\/encuentroinformativo.com.mx\/index.php?rest_route=\/wp\/v2\/posts"}],"about":[{"href":"https:\/\/encuentroinformativo.com.mx\/index.php?rest_route=\/wp\/v2\/types\/post"}],"author":[{"embeddable":true,"href":"https:\/\/encuentroinformativo.com.mx\/index.php?rest_route=\/wp\/v2\/users\/2476"}],"replies":[{"embeddable":true,"href":"https:\/\/encuentroinformativo.com.mx\/index.php?rest_route=%2Fwp%2Fv2%2Fcomments&post=43016"}],"version-history":[{"count":1,"href":"https:\/\/encuentroinformativo.com.mx\/index.php?rest_route=\/wp\/v2\/posts\/43016\/revisions"}],"predecessor-version":[{"id":43019,"href":"https:\/\/encuentroinformativo.com.mx\/index.php?rest_route=\/wp\/v2\/posts\/43016\/revisions\/43019"}],"wp:featuredmedia":[{"embeddable":true,"href":"https:\/\/encuentroinformativo.com.mx\/index.php?rest_route=\/wp\/v2\/media\/43017"}],"wp:attachment":[{"href":"https:\/\/encuentroinformativo.com.mx\/index.php?rest_route=%2Fwp%2Fv2%2Fmedia&parent=43016"}],"wp:term":[{"taxonomy":"category","embeddable":true,"href":"https:\/\/encuentroinformativo.com.mx\/index.php?rest_route=%2Fwp%2Fv2%2Fcategories&post=43016"},{"taxonomy":"post_tag","embeddable":true,"href":"https:\/\/encuentroinformativo.com.mx\/index.php?rest_route=%2Fwp%2Fv2%2Ftags&post=43016"}],"curies":[{"name":"wp","href":"https:\/\/api.w.org\/{rel}","templated":true}]}}