{"id":43030,"date":"2023-07-21T09:53:13","date_gmt":"2023-07-21T15:53:13","guid":{"rendered":"https:\/\/encuentroinformativo.com.mx\/?p=43030"},"modified":"2023-07-21T09:54:14","modified_gmt":"2023-07-21T15:54:14","slug":"entre-arboles-caidos-la-raja-politica-y-la-necesidad-de-mejorar-la-vialidad","status":"publish","type":"post","link":"https:\/\/encuentroinformativo.com.mx\/?p=43030","title":{"rendered":"ENTRE \u00c1RBOLES CA\u00cdDOS, LA RAJA POL\u00cdTICA Y LA NECESIDAD DE MEJORAR LA VIALIDAD"},"content":{"rendered":"\n<p><strong>ColumnaSinNombre<br>@pablojair<\/strong><\/p>\n\n\n\n<ul class=\"wp-block-list\"><li>El Palo Volador en la nueva placita de Coatepec.<\/li><li>Ex polic\u00edas sentenciados eran de Ayudant\u00eda.<\/li><li>Falleci\u00f3 el abogado Gilberto Far\u00edas Morales.<\/li><li>Presenta Arturo Diez Guti\u00e9rrez su libro &#8220;Lucine en Espirales&#8221;.<\/li><\/ul>\n\n\n\n<p>Que le vayan preparando Las Golondrinas, dicen\u2026<br>&#8211;Chopenjawer<\/p>\n\n\n\n<p>Sin duda se requieren obras viales para agilizar el tr\u00e1fico de Xalapa. Es una ciudad que ha crecido como el nopal: demasiado y a lo baboso.<\/p>\n\n\n\n<p>El gobernador de Veracruz, Cuitl\u00e1huac Garc\u00eda Jim\u00e9nez, lo dijo claro en su conferencia de este jueves: durante a\u00f1os se dej\u00f3 crecer la mancha urbana con una planeaci\u00f3n muy deficiente por d\u00e9cadas. Seg\u00fan sus datos, creci\u00f3 r\u00e1pidamente de 300 a 500 mil habitantes en los \u00faltimos a\u00f1os.<\/p>\n\n\n\n<p>El mandatario estatal dijo que son alrededor de 150 mil habitantes en la zona norte de Xalapa que en las hora-pico bloquean la vialidad en varios puntos y no se distribuyen en la avenida L\u00e1zaro C\u00e1rdenas como s\u00ed ocurre (a medias) en la zona sur de la ciudad con el puente de Las \u00c1nimas, el que incorpora a Murillo Vidal y el acceso a Jardines de Xalapa. La zona norte, seg\u00fan Cuitl\u00e1huac, se qued\u00f3 atrasada.<\/p>\n\n\n\n<p>Ayer le preguntaba a un periodista xalape\u00f1o su punto de vista y me recordaba algo que parece olvidar mucha gente: \u201cLas colonias que crecieron an\u00e1rquicamente hacia el rumbo de la Revoluci\u00f3n y zonas aleda\u00f1as fueron alimentadas por los mismos colonos de diferentes partidos pol\u00edticos solicitantes de terrenos (de todos los colores); con el tiempo, esto se acrecent\u00f3 como bot\u00edn pol\u00edtico electorero. Cuando el Gober en turno les daba terrenos a todos los grupos pol\u00edticos solicitantes de vivienda, tambi\u00e9n era un tiradero de \u00e1rboles ya que todo esos lares eran montes; que no se hagan p-nd-jos\u201d.<\/p>\n\n\n\n<p>Tampoco se puede dejar de lado que este crecimiento de poblaci\u00f3n sin planeaci\u00f3n, a lo primero que ha afectado es al clima de la ciudad: de ser una capital famosa por su chipi-chipi, zonas arboladas y neblina por las tardes, ahora es una mancha urbana gigantesca con problemas de agua, tr\u00e1fico, un calor insoportable y hasta mosquitos (que no hab\u00eda).<\/p>\n\n\n\n<p>El controvertido tema del puente para veh\u00edculos en la zona conocida como La Corona, cerca de la Plaza Urban, caus\u00f3 mucha indignaci\u00f3n entre vecinos por la forma tan indiscriminada en que fueron talados para dar paso a la obra. A lo anterior, pol\u00edticos locales como el ex alcalde de Xalapa, Hip\u00f3lito Rodr\u00edguez, han estado promoviendo protestas para encender m\u00e1s la molestia\u2026 aunque tambi\u00e9n le dio por tirar arbolitos como si nada cuando fue alcalde y se justific\u00f3 diciendo que ya estaban viejitos.<\/p>\n\n\n\n<p>(Esto de Hip\u00f3lito no habr\u00eda qu\u00e9 perderlo de vista: se\u00f1alado de tener cuentas pendientes en la pasada administraci\u00f3n municipal, fuentes cercanas al ex alcalde comentan que el tema ambientalista lo ha tomado de una manera para golpear al actual alcalde Ricardo Ahued y presionar tambi\u00e9n al gobernador para que le den una candidatura. A esto s\u00famese que el inter\u00e9s que podr\u00eda tener el grupo al que pertenece Hip\u00f3lito: el del superdelegado Manuel Huerta Ladr\u00f3n de Guevara, para recuperar el control del ayuntamiento y los negocios que ah\u00ed se generan, especialmente si no logran tener candidaturas para 2024).<\/p>\n\n\n\n<p>Entre que hay intereses pol\u00edticos y un verdadero enojo de quienes respetan la vida de los \u00e1rboles (algunos ya ten\u00edan 40 a\u00f1os de existencia) uno se pregunta si en verdad no hab\u00eda manera de evitar la tala.<\/p>\n\n\n\n<p>De entrada, no logra convencer el argumento de que no se puede crear otro trazo alrededor de la ciudad, otro libramiento como lo que originalmente era llamado Circunvalaci\u00f3n, hoy L\u00e1zaro C\u00e1rdenas. Que hubiese una vialidad alterna que permitiera el ingreso de miles a la zona de las colonias que se expandieron justo a los lados de la avenida.<\/p>\n\n\n\n<p>\u201cO-quei\u201d, suponiendo que era imposible lo anterior, \u00bfpor qu\u00e9 no mejor mejorar el servicio de transporte p\u00fablico y as\u00ed evitar que miles de autos diariamente circulen por esa avenida?<\/p>\n\n\n\n<p>El problema es que esto \u00faltimo suena a utop\u00eda: enfrentarse y poner en orden a las mafias transportistas no ha sido precisamente el sello de la Cuarta Transformeishion; por el contrario, han avalado que las unidades viejas sigan saturando el tr\u00e1fico. A los miles de taxis obsoletos ni les dicen nada y menos que se les ocurra en el Gobierno aprobar la entrada del Uber porque hacen berrinche los se\u00f1oritos del Tsuru.<\/p>\n\n\n\n<p>Otra utop\u00eda ser\u00eda pensar en ideas como la de tener un tren ecol\u00f3gico elevado o subterr\u00e1neo; un pasaje que ayudara a movilizar a los miles que circulan por Xalapa para irle quitando ese monopolio al deficiente transporte p\u00fablico e ir educando a la gente de usar un medio que no contamine.<\/p>\n\n\n\n<p>Pero, como se dec\u00eda, es un mero sue\u00f1o guajiro que por los costos, que por lo complicado, etc.<\/p>\n\n\n\n<p>De hecho, uno de los que protestan en L\u00e1zaro C\u00e1rdenas hizo una cr\u00edtica que en su momento tambi\u00e9n dijo Cuauht\u00e9moc C\u00e1rdenas a Andr\u00e9s Manuel L\u00f3pez Obrador cuando era jefe de Gobierno del Distrito Federal: que los &#8220;segundos pisos&#8221; eran m\u00e1s una obra para facilitar que haya m\u00e1s tr\u00e1fico de veh\u00edculos, tal como ser\u00eda el caso del nuevo puente.<\/p>\n\n\n\n<p>Pero \u201cokey\u201d: concediendo que no se puede ni crear un nuevo trazo o crear una alternativa de transporte p\u00fablico, uno se enfoca en la obra en s\u00ed. En el bendito internet hay miles de ejemplos donde se respet\u00f3 el medio ambiente: edificios que modificaron su arquitectura para no tocar \u00e1rboles o hasta t\u00faneles subterr\u00e1neos en plena mar. Hay tambi\u00e9n puentes que, por ejemplo, se parten a la mitad y dejan \u00e1rboles en medio, sin afectarlos.<\/p>\n\n\n\n<p>&#8220;Ol rait&#8221;\u2026 Uno no es ingeniero ni arquitecto. Los &#8220;genios&#8221; de la construcci\u00f3n de la obra seguramente encontrar\u00e1n miles de justificaciones t\u00e9cnicas para decir que se ten\u00edan qu\u00e9 derribar esos \u00e1rboles porque\u2026 pues\u2026 no hab\u00eda otra y ya\u2026 Sorry not sorry y la &#8220;queso&#8221;.<\/p>\n\n\n\n<p>Entonces pensemos en si no hab\u00eda una manera de trasladar los \u00e1rboles antes de caerles como pinches salvajes a destazarlos\u2026 \u00bfEn verdad no se pod\u00eda sacarlos con todo y ra\u00edz? O sea, \u00bfrealmente no hab\u00eda forma para cambiarlos de lugar? \u00bfRespetarlos antes que cortarlos?<\/p>\n\n\n\n<p>Y es que si bien podemos decir que solo fueron pocos a diferencia de los que se han plantado por parte del Gobierno de Veracruz, las im\u00e1genes son muy crudas como para ignorar a los troncos ca\u00eddos.<\/p>\n\n\n\n<p>O sea, es cierto que el Gobierno ha realizado jornadas de reforestaci\u00f3n in\u00e9ditas que no se hicieron al menos en los dos gobiernos anteriores; el problema, creo, es la forma en que se hizo la tala y la percepci\u00f3n de que pudo haberse respetado la vida de los arbolitos\u2026 \u00bfCu\u00e1l era la prisa por tirarlos? \u00bfLa inauguraci\u00f3n antes de que acabe el sexenio? \u00bfLa urgente necesidad de dar paso a veh\u00edculos?<\/p>\n\n\n\n<p>Se entiende que el gobernador, como xalape\u00f1o, est\u00e9 metido mucho en el tema de la vialidad en la capital veracruzana; que adem\u00e1s esto forma parte de un Plan B para agilizar el tr\u00e1fico al no poderse concretar el proyecto del tren ligero para la ciudad. El mandatario estatal ha defendido su postura y sabe que le asiste la raz\u00f3n cuando se compara lo que se ha sembrado en las jornadas antes mencionadas;<\/p>\n\n\n\n<p>Tambi\u00e9n debe decirse que la protesta se acrecent\u00f3 porque los grupos anti4T se sumaron a hacerle ruido como si fuese el peor ecocidio en la historia de Xalapa.<\/p>\n\n\n\n<p>Siendo honestos, es muy probable que no crezca m\u00e1s la protesta por el mentado puente y la obra finalmente se realice, m\u00e1s si en Palacio de Gobierno tienen las referencias de que algunos de los &#8220;indignados&#8221; est\u00e1n movidos por actores pol\u00edticos como el ex alcalde xalape\u00f1o y el grupo que se encuentra detr\u00e1s de \u00e9l apoyando a los manifestantes.<\/p>\n\n\n\n<p>Bien lo dec\u00edamos en la columna pasada: la 4T no necesita enemigos afuera porque los tiene adentro, bien metidos hasta la ra\u00edz.<\/p>\n\n\n\n<p><strong>NOTA PARA PEGAR EN EL REFRI: <\/strong>Que este viernes sembrar\u00edan el famoso Palo Volador para los voladores de Papantla en el parque que se piensa hacer en la entrada de Coatepec, justo en el terreno que queda en medio de la carretera a Xalapa y la desviaci\u00f3n que conduce al libramiento del pueblo cafetalero. Ah\u00ed se pretende tambi\u00e9n hacer como una peque\u00f1a plaza para que lleguen vendedores de artesan\u00edas y cosas t\u00edpicas de la regi\u00f3n\u2026 Por cierto, un grupo de reporteros le coment\u00f3 al secretario Eric Cisneros &#8211;promotor de la idea&#8211; que tambi\u00e9n deber\u00eda hacerse un monumento sobre algo que represente a Coatepec (o sea, no se sabe que haya voladores coatepecanos), algo as\u00ed como la figura del colotero en Naranjos, a lo que el segundo al mando en Palacio de Gobierno contest\u00f3: &#8220;Podr\u00eda ser&#8221;\u2026 A ver si le da el tiempo.<\/p>\n\n\n\n<p><strong>OTRA NOTA:<\/strong> Que los 5 ex polic\u00edas recientemente sentenciados a 60 a\u00f1os de prisi\u00f3n por la desaparici\u00f3n de tres personas en Lerdo de Tejada, habr\u00edan sido parte del cuerpo de Ayudant\u00eda del ex gobernador Miguel \u00c1ngel Yunes Linares; pero que al salir del poder \u00e9ste, fueron liquidados y se metieron a la &#8220;ma\u00f1a&#8221; para operar como c\u00e9lula delictiva, d\u00e1ndose de alta como polic\u00edas municipales de Lerdo.<\/p>\n\n\n\n<p><strong>OTRA NOTA EXTRA:<\/strong> Que anoche se dio a conocer la muerte del reconocido abogado Gilberto Far\u00edas Morales, presidente del Colegio Nacional de Abogados Penalistas. Su fallecimiento caus\u00f3 mucha tristeza en el mundo de los litigantes. Descanse en paz.<\/p>\n\n\n\n<p><strong>LA \u00daLTIMA PORQUE YA EST\u00c1 LA SERIE DEL STEPHEN CURRY: <\/strong>Que este s\u00e1bado a las 11 de la ma\u00f1ana, en el sal\u00f3n de actos del Colegio Preparatorio de Xalapa, el escritor xalape\u00f1o Arturo Diez Guti\u00e9rrez presentar\u00e1 su segundo libro &#8220;Lucine en Espirales&#8221;, en el que est\u00e1 el cuento con el que gan\u00f3 el concurso de cuento corto de su alma mater la UNAM. Arturo es hermano de mi querida amiga Elsbeth, tambi\u00e9n destacada columnista y acad\u00e9mica; de las mujeres m\u00e1s inteligentes que he conocido en mi vida.<\/p>\n","protected":false},"excerpt":{"rendered":"<p>ColumnaSinNombre@pablojair El Palo Volador en la nueva placita de Coatepec. Ex polic\u00edas sentenciados eran de Ayudant\u00eda. Falleci\u00f3 el abogado Gilberto Far\u00edas Morales. Presenta Arturo Diez Guti\u00e9rrez su libro &#8220;Lucine en Espirales&#8221;. Que le vayan preparando Las Golondrinas, dicen\u2026&#8211;Chopenjawer Sin duda se requieren obras viales para agilizar el tr\u00e1fico de Xalapa. Es una ciudad que ha [&hellip;]<\/p>\n","protected":false},"author":2476,"featured_media":488,"comment_status":"open","ping_status":"open","sticky":false,"template":"","format":"standard","meta":{"_jetpack_memberships_contains_paid_content":false,"footnotes":""},"categories":[11],"tags":[],"class_list":["post-43030","post","type-post","status-publish","format-standard","has-post-thumbnail","hentry","category-opinion"],"jetpack_featured_media_url":"https:\/\/encuentroinformativo.com.mx\/wp-content\/uploads\/2020\/03\/F471F608-BA1A-416B-BA7B-BCFB24F4E6D0.jpeg","jetpack_sharing_enabled":true,"jetpack_likes_enabled":true,"amp_enabled":true,"_links":{"self":[{"href":"https:\/\/encuentroinformativo.com.mx\/index.php?rest_route=\/wp\/v2\/posts\/43030","targetHints":{"allow":["GET"]}}],"collection":[{"href":"https:\/\/encuentroinformativo.com.mx\/index.php?rest_route=\/wp\/v2\/posts"}],"about":[{"href":"https:\/\/encuentroinformativo.com.mx\/index.php?rest_route=\/wp\/v2\/types\/post"}],"author":[{"embeddable":true,"href":"https:\/\/encuentroinformativo.com.mx\/index.php?rest_route=\/wp\/v2\/users\/2476"}],"replies":[{"embeddable":true,"href":"https:\/\/encuentroinformativo.com.mx\/index.php?rest_route=%2Fwp%2Fv2%2Fcomments&post=43030"}],"version-history":[{"count":1,"href":"https:\/\/encuentroinformativo.com.mx\/index.php?rest_route=\/wp\/v2\/posts\/43030\/revisions"}],"predecessor-version":[{"id":43031,"href":"https:\/\/encuentroinformativo.com.mx\/index.php?rest_route=\/wp\/v2\/posts\/43030\/revisions\/43031"}],"wp:featuredmedia":[{"embeddable":true,"href":"https:\/\/encuentroinformativo.com.mx\/index.php?rest_route=\/wp\/v2\/media\/488"}],"wp:attachment":[{"href":"https:\/\/encuentroinformativo.com.mx\/index.php?rest_route=%2Fwp%2Fv2%2Fmedia&parent=43030"}],"wp:term":[{"taxonomy":"category","embeddable":true,"href":"https:\/\/encuentroinformativo.com.mx\/index.php?rest_route=%2Fwp%2Fv2%2Fcategories&post=43030"},{"taxonomy":"post_tag","embeddable":true,"href":"https:\/\/encuentroinformativo.com.mx\/index.php?rest_route=%2Fwp%2Fv2%2Ftags&post=43030"}],"curies":[{"name":"wp","href":"https:\/\/api.w.org\/{rel}","templated":true}]}}