{"id":43038,"date":"2023-07-21T11:45:09","date_gmt":"2023-07-21T17:45:09","guid":{"rendered":"https:\/\/encuentroinformativo.com.mx\/?p=43038"},"modified":"2023-07-21T11:45:14","modified_gmt":"2023-07-21T17:45:14","slug":"circulacion-fluida-y-seguridad-vial-garantizada-en-campeonato-de-ciclismo-de-xalapa","status":"publish","type":"post","link":"https:\/\/encuentroinformativo.com.mx\/?p=43038","title":{"rendered":"Circulaci\u00f3n fluida y seguridad vial garantizada en Campeonato de Ciclismo de Xalapa"},"content":{"rendered":"\n<p>Xalapa, Ver.- En el marco del Campeonato Nacional de Ciclismo de ruta y contra reloj a celebrarse este pr\u00f3ximo fin de semana en esta ciudad capital, la Secretar\u00eda de Seguridad P\u00fablica (SSP) a trav\u00e9s de la Direcci\u00f3n General de Tr\u00e1nsito y Seguridad Vial (DGTSV), en coordinaci\u00f3n con la Direcci\u00f3n General de Vinculaci\u00f3n, pondr\u00e1 en marcha un dispositivo vial para garantizar la seguridad de participantes, visitantes y espectadores.<\/p>\n\n\n\n<p>Este evento deportivo avalado por la Federaci\u00f3n Mexicana de Ciclismo (FMC) se llevar\u00e1 a cabo los d\u00edas 21, 22 y 23 de junio en las instalaciones del Vel\u00f3dromo Internacional de Xalapa y sobre la carretera Xalapa \u2013 Coatepec.<\/p>\n\n\n\n<p>Por lo anterior la dependencia estatal ha informado que a partir del d\u00eda viernes 21 se pone en marcha dicho dispositivo vial y el cierre parcial en ambos sentidos de la carretera que conecta la capital con el municipio cafetalero, en horario de las 09:30 hrs. hasta la 16:00 hrs.; el d\u00eda s\u00e1bado 22 y el domingo 23 en horario que comprende de las 06:00 hrs. hasta las 16:00 hrs.<\/p>\n\n\n\n<p>La Secretar\u00eda de seguridad p\u00fablica dispondr\u00e1 de cien elementos operativos, as\u00ed como de patrullas y motocicletas en los puntos establecidos para el cierre a la circulaci\u00f3n, garantizando en todo momento la seguridad de los asistentes a este campeonato nacional; as\u00ed como tambi\u00e9n coordinar acciones para dar fluidez al tr\u00e1nsito vehicular y la habilitaci\u00f3n de rutas alternas.<\/p>\n\n\n\n<p>Asimismo, se precisa que algunos de los puntos donde se colocar\u00e1n filtros son la av. Bolivia a la altura del m\u00f3dulo de la polic\u00eda estatal, Circuito Presidentes en el cruce con \u00c1ngel N\u00fa\u00f1ez Beltr\u00e1n; en la zona de Coatepec se cerrar\u00e1 a partir del punto conocido como La Florida y parte del libramiento hacia este municipio.<\/p>\n\n\n\n<p>Ante esto se recomienda a la poblaci\u00f3n que transite por esa zona con direcci\u00f3n a cualquiera de los puntos que conecta, utilice las v\u00edas alterna que son la carretera antigua Xalapa-Coatepec (Briones) o Las Trancas Coatepec.<\/p>\n\n\n\n<p>Personal de la SSP junto con Polic\u00eda y Protecci\u00f3n Civil Municipal de Xalapa, as\u00ed como tambi\u00e9n Protecci\u00f3n Civil del Estado en todo momento estar\u00e1n pendientes de cualquier situaci\u00f3n que se pudiera presentar, procurando siempre el bienestar de la poblaci\u00f3n.<\/p>\n\n\n\n<figure class=\"wp-block-image size-large\"><img loading=\"lazy\" decoding=\"async\" width=\"1024\" height=\"768\" src=\"https:\/\/encuentroinformativo.com.mx\/wp-content\/uploads\/2023\/07\/IMG-20230721-WA0029.jpg\" alt=\"\" class=\"wp-image-43040\" srcset=\"https:\/\/encuentroinformativo.com.mx\/wp-content\/uploads\/2023\/07\/IMG-20230721-WA0029.jpg 1024w, https:\/\/encuentroinformativo.com.mx\/wp-content\/uploads\/2023\/07\/IMG-20230721-WA0029-300x225.jpg 300w, https:\/\/encuentroinformativo.com.mx\/wp-content\/uploads\/2023\/07\/IMG-20230721-WA0029-768x576.jpg 768w\" sizes=\"auto, (max-width: 1024px) 100vw, 1024px\" \/><\/figure>\n","protected":false},"excerpt":{"rendered":"<p>Xalapa, Ver.- En el marco del Campeonato Nacional de Ciclismo de ruta y contra reloj a celebrarse este pr\u00f3ximo fin de semana en esta ciudad capital, la Secretar\u00eda de Seguridad P\u00fablica (SSP) a trav\u00e9s de la Direcci\u00f3n General de Tr\u00e1nsito y Seguridad Vial (DGTSV), en coordinaci\u00f3n con la Direcci\u00f3n General de Vinculaci\u00f3n, pondr\u00e1 en marcha [&hellip;]<\/p>\n","protected":false},"author":2476,"featured_media":43039,"comment_status":"open","ping_status":"open","sticky":false,"template":"","format":"standard","meta":{"_jetpack_memberships_contains_paid_content":false,"footnotes":""},"categories":[8],"tags":[],"class_list":["post-43038","post","type-post","status-publish","format-standard","has-post-thumbnail","hentry","category-region"],"jetpack_featured_media_url":"https:\/\/encuentroinformativo.com.mx\/wp-content\/uploads\/2023\/07\/IMG-20230721-WA0020.jpg","jetpack_sharing_enabled":true,"jetpack_likes_enabled":true,"amp_enabled":true,"_links":{"self":[{"href":"https:\/\/encuentroinformativo.com.mx\/index.php?rest_route=\/wp\/v2\/posts\/43038","targetHints":{"allow":["GET"]}}],"collection":[{"href":"https:\/\/encuentroinformativo.com.mx\/index.php?rest_route=\/wp\/v2\/posts"}],"about":[{"href":"https:\/\/encuentroinformativo.com.mx\/index.php?rest_route=\/wp\/v2\/types\/post"}],"author":[{"embeddable":true,"href":"https:\/\/encuentroinformativo.com.mx\/index.php?rest_route=\/wp\/v2\/users\/2476"}],"replies":[{"embeddable":true,"href":"https:\/\/encuentroinformativo.com.mx\/index.php?rest_route=%2Fwp%2Fv2%2Fcomments&post=43038"}],"version-history":[{"count":1,"href":"https:\/\/encuentroinformativo.com.mx\/index.php?rest_route=\/wp\/v2\/posts\/43038\/revisions"}],"predecessor-version":[{"id":43041,"href":"https:\/\/encuentroinformativo.com.mx\/index.php?rest_route=\/wp\/v2\/posts\/43038\/revisions\/43041"}],"wp:featuredmedia":[{"embeddable":true,"href":"https:\/\/encuentroinformativo.com.mx\/index.php?rest_route=\/wp\/v2\/media\/43039"}],"wp:attachment":[{"href":"https:\/\/encuentroinformativo.com.mx\/index.php?rest_route=%2Fwp%2Fv2%2Fmedia&parent=43038"}],"wp:term":[{"taxonomy":"category","embeddable":true,"href":"https:\/\/encuentroinformativo.com.mx\/index.php?rest_route=%2Fwp%2Fv2%2Fcategories&post=43038"},{"taxonomy":"post_tag","embeddable":true,"href":"https:\/\/encuentroinformativo.com.mx\/index.php?rest_route=%2Fwp%2Fv2%2Ftags&post=43038"}],"curies":[{"name":"wp","href":"https:\/\/api.w.org\/{rel}","templated":true}]}}