{"id":43042,"date":"2023-07-21T13:25:27","date_gmt":"2023-07-21T19:25:27","guid":{"rendered":"https:\/\/encuentroinformativo.com.mx\/?p=43042"},"modified":"2023-07-21T13:25:33","modified_gmt":"2023-07-21T19:25:33","slug":"colocarian-parquimetros-en-zona-de-villa-del-mar","status":"publish","type":"post","link":"https:\/\/encuentroinformativo.com.mx\/?p=43042","title":{"rendered":"Colocar\u00edan parqu\u00edmetros en zona de Villa del Mar"},"content":{"rendered":"\n<p><strong>Alejandro \u00c1vila<\/strong><\/p>\n\n\n\n<p>Veracruz, Ver.- Tras las constantes quejas por apartado de lugares, el Ayuntamiento de Veracruz analiza colocar parqu\u00edmetros en la zona de Villa del Mar, inform\u00f3 la alcaldesa, Patricia Lobeira Rodr\u00edguez.<\/p>\n\n\n\n<p>La edil panista aclar\u00f3 que durante la temporada vacacional de verano se supervisar\u00e1 el comportamiento de los palaperos y franeleros en la zona, para posteriormente revisar si es necesario colocar los parqu\u00edmetros.<\/p>\n\n\n\n<p>&#8220;Yo creo que s\u00ed ser\u00eda bueno poner parqu\u00edmetros para dar un orden en esa zona, ser\u00eda la zona de Villa del Mar donde est\u00e1n las palapas, porque s\u00ed tenemos detectado que se hace un caos vial (\u2026) nosotros ahorita en verano vamos a estar trabajando con Tr\u00e1nsito Municipal para estar vigilando la zona, pero yo creo que m\u00e1s adelante s\u00ed ser\u00e1 necesario&#8221;.<\/p>\n\n\n\n<p>La presidenta municipal expres\u00f3 que no es a\u00fan una decisi\u00f3n definitiva, sino que se analizar\u00e1 durante este periodo de gran afluencia tur\u00edstica.<\/p>\n\n\n\n<p>&#8220;No tenemos una fecha aproximada, queremos ver en esta temporada de verano como se comporta&#8221;, subray\u00f3.<\/p>\n","protected":false},"excerpt":{"rendered":"<p>Alejandro \u00c1vila Veracruz, Ver.- Tras las constantes quejas por apartado de lugares, el Ayuntamiento de Veracruz analiza colocar parqu\u00edmetros en la zona de Villa del Mar, inform\u00f3 la alcaldesa, Patricia Lobeira Rodr\u00edguez. La edil panista aclar\u00f3 que durante la temporada vacacional de verano se supervisar\u00e1 el comportamiento de los palaperos y franeleros en la zona, [&hellip;]<\/p>\n","protected":false},"author":2476,"featured_media":43043,"comment_status":"open","ping_status":"open","sticky":false,"template":"","format":"standard","meta":{"_jetpack_memberships_contains_paid_content":false,"footnotes":""},"categories":[2],"tags":[],"class_list":["post-43042","post","type-post","status-publish","format-standard","has-post-thumbnail","hentry","category-estado"],"jetpack_featured_media_url":"https:\/\/encuentroinformativo.com.mx\/wp-content\/uploads\/2023\/07\/IMG-20230721-WA0045.jpg","jetpack_sharing_enabled":true,"jetpack_likes_enabled":true,"amp_enabled":true,"_links":{"self":[{"href":"https:\/\/encuentroinformativo.com.mx\/index.php?rest_route=\/wp\/v2\/posts\/43042","targetHints":{"allow":["GET"]}}],"collection":[{"href":"https:\/\/encuentroinformativo.com.mx\/index.php?rest_route=\/wp\/v2\/posts"}],"about":[{"href":"https:\/\/encuentroinformativo.com.mx\/index.php?rest_route=\/wp\/v2\/types\/post"}],"author":[{"embeddable":true,"href":"https:\/\/encuentroinformativo.com.mx\/index.php?rest_route=\/wp\/v2\/users\/2476"}],"replies":[{"embeddable":true,"href":"https:\/\/encuentroinformativo.com.mx\/index.php?rest_route=%2Fwp%2Fv2%2Fcomments&post=43042"}],"version-history":[{"count":1,"href":"https:\/\/encuentroinformativo.com.mx\/index.php?rest_route=\/wp\/v2\/posts\/43042\/revisions"}],"predecessor-version":[{"id":43044,"href":"https:\/\/encuentroinformativo.com.mx\/index.php?rest_route=\/wp\/v2\/posts\/43042\/revisions\/43044"}],"wp:featuredmedia":[{"embeddable":true,"href":"https:\/\/encuentroinformativo.com.mx\/index.php?rest_route=\/wp\/v2\/media\/43043"}],"wp:attachment":[{"href":"https:\/\/encuentroinformativo.com.mx\/index.php?rest_route=%2Fwp%2Fv2%2Fmedia&parent=43042"}],"wp:term":[{"taxonomy":"category","embeddable":true,"href":"https:\/\/encuentroinformativo.com.mx\/index.php?rest_route=%2Fwp%2Fv2%2Fcategories&post=43042"},{"taxonomy":"post_tag","embeddable":true,"href":"https:\/\/encuentroinformativo.com.mx\/index.php?rest_route=%2Fwp%2Fv2%2Ftags&post=43042"}],"curies":[{"name":"wp","href":"https:\/\/api.w.org\/{rel}","templated":true}]}}