{"id":43045,"date":"2023-07-21T13:29:35","date_gmt":"2023-07-21T19:29:35","guid":{"rendered":"https:\/\/encuentroinformativo.com.mx\/?p=43045"},"modified":"2023-07-21T13:29:39","modified_gmt":"2023-07-21T19:29:39","slug":"promoveran-comercios-y-lugares-turisticos-de-tlalixcoyan","status":"publish","type":"post","link":"https:\/\/encuentroinformativo.com.mx\/?p=43045","title":{"rendered":"Promover\u00e1n comercios y lugares tur\u00edsticos de Tlalixcoyan"},"content":{"rendered":"\n<p><strong>Alejandro \u00c1vila<\/strong><\/p>\n\n\n\n<p>Veracruz, Ver.- La alcaldesa de Tlalixcoyan, Elvia Illescas Loyo, anunci\u00f3 el inicio del proyecto de promoci\u00f3n de comercios y lugares tur\u00edsticos del municipio, mismo que arrancar\u00e1 de manera formal el pr\u00f3ximo 28 de julio.<\/p>\n\n\n\n<p>El programa &#8220;Solo en Tlalix&#8221;, visitar\u00e1 las 241 localidades del municipio, donde grabar\u00e1n en video todos los comercios y lugares tur\u00edsticos, a fin de promocionarlos en redes sociales para incrementar la derrama econ\u00f3mica en Tlalixcoyan.<\/p>\n\n\n\n<p>Seg\u00fan datos del Ayuntamiento, el 45.8 por ciento de la poblaci\u00f3n de Tlalixcoyan se dedica al comercio.<\/p>\n\n\n\n<p>&#8220;Ten\u00edamos que ver la manera de como realzar a estos negocios que hay en nuestro municipio. Datos estad\u00edsticos del INEGI nos dicen que nuestro municipio hay 1 105 comercios, nosotros nos dimos a la tarea de buscar todos, y de que en realidad s\u00ed sean los 1 105, porque posiblemente hay m\u00e1s, y lo que nosotros queremos es incluir a todo el comercio que hay en nuestro municipio&#8221;, apunt\u00f3 la edil panista.<\/p>\n\n\n\n<p>Al momento, son cerca 600 negocios los que ya se han registrado para una posterior promoci\u00f3n, el resto de los interesados podr\u00e1 contactar al Ayuntamiento de Tlalixcoyan a trav\u00e9s de la p\u00e1gina oficial de Facebook o bien, directamente en la direcci\u00f3n de Desarrollo Econ\u00f3mico.<\/p>\n\n\n\n<p>&#8220;De hecho llevamos m\u00e1s o menos el 60 por ciento, pero con esto vamos a comenzar porque as\u00ed se le empieza a dar m\u00e1s publicidad, m\u00e1s propaganda, y la gente se motiva y se da a conocer&#8221;, culmin\u00f3.<\/p>\n","protected":false},"excerpt":{"rendered":"<p>Alejandro \u00c1vila Veracruz, Ver.- La alcaldesa de Tlalixcoyan, Elvia Illescas Loyo, anunci\u00f3 el inicio del proyecto de promoci\u00f3n de comercios y lugares tur\u00edsticos del municipio, mismo que arrancar\u00e1 de manera formal el pr\u00f3ximo 28 de julio. El programa &#8220;Solo en Tlalix&#8221;, visitar\u00e1 las 241 localidades del municipio, donde grabar\u00e1n en video todos los comercios y [&hellip;]<\/p>\n","protected":false},"author":2476,"featured_media":43046,"comment_status":"open","ping_status":"open","sticky":false,"template":"","format":"standard","meta":{"_jetpack_memberships_contains_paid_content":false,"footnotes":""},"categories":[2],"tags":[],"class_list":["post-43045","post","type-post","status-publish","format-standard","has-post-thumbnail","hentry","category-estado"],"jetpack_featured_media_url":"https:\/\/encuentroinformativo.com.mx\/wp-content\/uploads\/2023\/07\/IMG-20230721-WA0036.jpg","jetpack_sharing_enabled":true,"jetpack_likes_enabled":true,"amp_enabled":true,"_links":{"self":[{"href":"https:\/\/encuentroinformativo.com.mx\/index.php?rest_route=\/wp\/v2\/posts\/43045","targetHints":{"allow":["GET"]}}],"collection":[{"href":"https:\/\/encuentroinformativo.com.mx\/index.php?rest_route=\/wp\/v2\/posts"}],"about":[{"href":"https:\/\/encuentroinformativo.com.mx\/index.php?rest_route=\/wp\/v2\/types\/post"}],"author":[{"embeddable":true,"href":"https:\/\/encuentroinformativo.com.mx\/index.php?rest_route=\/wp\/v2\/users\/2476"}],"replies":[{"embeddable":true,"href":"https:\/\/encuentroinformativo.com.mx\/index.php?rest_route=%2Fwp%2Fv2%2Fcomments&post=43045"}],"version-history":[{"count":1,"href":"https:\/\/encuentroinformativo.com.mx\/index.php?rest_route=\/wp\/v2\/posts\/43045\/revisions"}],"predecessor-version":[{"id":43047,"href":"https:\/\/encuentroinformativo.com.mx\/index.php?rest_route=\/wp\/v2\/posts\/43045\/revisions\/43047"}],"wp:featuredmedia":[{"embeddable":true,"href":"https:\/\/encuentroinformativo.com.mx\/index.php?rest_route=\/wp\/v2\/media\/43046"}],"wp:attachment":[{"href":"https:\/\/encuentroinformativo.com.mx\/index.php?rest_route=%2Fwp%2Fv2%2Fmedia&parent=43045"}],"wp:term":[{"taxonomy":"category","embeddable":true,"href":"https:\/\/encuentroinformativo.com.mx\/index.php?rest_route=%2Fwp%2Fv2%2Fcategories&post=43045"},{"taxonomy":"post_tag","embeddable":true,"href":"https:\/\/encuentroinformativo.com.mx\/index.php?rest_route=%2Fwp%2Fv2%2Ftags&post=43045"}],"curies":[{"name":"wp","href":"https:\/\/api.w.org\/{rel}","templated":true}]}}