{"id":43058,"date":"2023-07-21T20:16:35","date_gmt":"2023-07-22T02:16:35","guid":{"rendered":"https:\/\/encuentroinformativo.com.mx\/?p=43058"},"modified":"2023-07-21T20:16:40","modified_gmt":"2023-07-22T02:16:40","slug":"listas-las-actividades-de-las-fiestas-de-santa-ana-2023-alcalde-jm-unanue","status":"publish","type":"post","link":"https:\/\/encuentroinformativo.com.mx\/?p=43058","title":{"rendered":"Listas las actividades de las Fiestas de Santa Ana 2023: Alcalde JM Un\u00e1nue"},"content":{"rendered":"\n<p>Boca del R\u00edo, Ver.- <em>En la edici\u00f3n pasada se obtuvo una ocupaci\u00f3n hotelera del 90% y una derrama econ\u00f3mica de m\u00e1s de 60 millones de pesos, cifras que para este 2023 se esperan sean igual de positivas<\/em><\/p>\n\n\n\n<p>La administraci\u00f3n municipal de Boca del R\u00edo se encuentra lista para recibir a miles de personas que se dar\u00e1n cita para disfrutar de las actividades y conciertos masivos como parte de las Fiestas de Santa Ana 2023, enfatiz\u00f3 el Alcalde Juan Manuel Un\u00e1nue Abascal.<\/p>\n\n\n\n<p>Cabe mencionar que el programa general comenz\u00f3 el 15 de julio con la Carrera Conmemorativa Santa Ana 2023 3K y 5K para obtener la medalla con la letra \u201cB\u201d, finalizando el calendario el 30 de julio con el concierto de Junior Klan en la Plaza C\u00edvica.<\/p>\n\n\n\n<p>\u201cIniciamos con la Bendici\u00f3n de Objetos para Confirmaciones y Pl\u00e1ticas, este s\u00e1bado tendremos en la colonia Carranza a las siete de la noche una nueva actividad que se llama Santa Ana en tu Colonia, donde adem\u00e1s habitantes de otras colonias cercanas tendr\u00e1n un momento de felicidad, adem\u00e1s de conocer todas las actividades que se realizar\u00e1n\u201d, detall\u00f3 el Alcalde.<\/p>\n\n\n\n<p>Por otra parte, comparti\u00f3 que este domingo en punto de las 7 horas se realizar\u00e1 la Segunda Edici\u00f3n de la Carrera Conmemorativa Santa Ana 2023 3K y 5K donde los participantes podr\u00e1n obtener la medalla con la letra \u201cO\u201d, la cual es coleccionable hasta formar la palabra \u201cBoca\u201d; dicha carrera se realizar\u00e1 en el Bulevar Vicente Fox.<\/p>\n\n\n\n<p>El edil destac\u00f3 que todas las actividades son totalmente gratuitas, por lo que est\u00e1 abierta la invitaci\u00f3n a todos los boque\u00f1os, habitantes de la conurbaci\u00f3n y de otros municipios a que acudan y disfruten de la historia y cultura de Boca del R\u00edo.<\/p>\n\n\n\n<p>De acuerdo al edil, en la edici\u00f3n pasada se obtuvo una ocupaci\u00f3n hotelera del 90% y una derrama econ\u00f3mica de m\u00e1s de 60 millones de pesos, cifras que para este 2023 se esperan sean igual de positivas.<\/p>\n\n\n\n<p>Finalmente, destac\u00f3 que se implementar\u00e1 un operativo especial encabezado por la Polic\u00eda Municipal de Boca del R\u00edo, sum\u00e1ndose la Polic\u00eda Naval de la Secretar\u00eda de Marina, as\u00ed como con el respaldo de la Secretar\u00eda de Seguridad P\u00fablica Estatal, por lo que ser\u00e1 una fiesta totalmente segura.<\/p>\n\n\n\n<p>Para mayor informaci\u00f3n pueden visitar la p\u00e1gina oficial www.fiesta-santa-ana.mx<\/p>\n\n\n\n<p><em>PROGRAMA DE ACTIVIDADES<\/em><\/p>\n\n\n\n<p>S\u00c1BADO 22 DE JULIO<br>Santa Ana en tu Colonia<br>19:00 hrs. \/ Calle 20 esquina Graciano S\u00e1nchez, colonia Carranza<\/p>\n\n\n\n<p>DOMINGO 23 DE JULIO<br>2\u00aa Edici\u00f3n Carrera Conmemorativa Santa Ana 2023 3K y 5K: Medalla letra \u201cO\u201d.<br>7:00 hrs. \/ Bulevar Vicente Fox<br>Confirmaciones<br>12:00 hrs. \/ Teatro Fernando Guti\u00e9rrez Barrios<\/p>\n\n\n\n<p>MARTES 25 DE JULIO<br>Procesi\u00f3n y Serenata<br>19:00 hrs. \/ De casa de la Cultura a Parroquia Santa Ana<br>Misa solemne al t\u00e9rmino de la Serenata<br>20:00 hrs. \/ Parroquia Santa Ana<\/p>\n\n\n\n<p>MI\u00c9RCOLES 26 DE JULIO<br>Misa Patrones Abuelos<br>12:00 hrs. \/ Parroquia Santa Ana<br>Paseo acu\u00e1tico y ofrenda floral para la se\u00f1ora de Santa Ana<br>13:30 hrs. \/ R\u00edo Jamapa<br>Misa de Clausura Fiestas de Santa Ana<br>19:00 hrs. \/ Parroquia Santa Ana<\/p>\n\n\n\n<p>JUEVES 27 DE JULIO<br>Concursos Tradicionales:<br>Carrera de Meseros<br>9:30 hrs. \/ Bulevar Vicente Fox<br>Cuerdas y Palo Encebado<br>11:00 hrs. \/ Playa Vicente Fox<br>Comelones<br>12:00 hrs. \/ Explanada Foro Boca<br>Yardas<br>13:00 hrs. \/ Explanada Foro Boca<br>Atarrayas<br>15:00 hrs. \/ R\u00edo Jamapa (atr\u00e1s de Palacio Municipal)<br>Coronaci\u00f3n de la Corte Real<br>21:00 hrs. \/ Plaza C\u00edvica<br>Concierto David Zahan<br>22:00 hrs. \/ Plaza C\u00edvica<\/p>\n\n\n\n<p>VIERNES 28 DE JULIO<br>Filete relleno de mariscos<br>15:00 hrs. \/ Av. Revoluci\u00f3n, Col. Centro<br>Concierto Luis Antonio L\u00f3pez \u201cEl Mimoso\u201d<br>22:00 hrs. \/ Plaza C\u00edvica<\/p>\n\n\n\n<p>S\u00c1BADO 29 DE JULIO<br>Tradicional ba\u00f1o popular<br>Padrinos: Ivonne Montero y Mario Polo<br>12:00 hrs. \/ Plaza C\u00edvica<br>Concierto La Arrolladora Banda El Lim\u00f3n<br>22:00 hrs. \/ Plaza C\u00edvica<\/p>\n\n\n\n<p>DOMINGO 30 DE JULIO<br>Clase SUP Yoga<br>6:00 hrs. \/ R\u00edo Jamapa (atr\u00e1s de Palacio Municipal)<br>Torito Gigante<br>18:00 hrs. \/ Plaza C\u00edvica<br>Concierto Junior Klan<br>22:00 hrs. \/ Plaza C\u00edvica<\/p>\n","protected":false},"excerpt":{"rendered":"<p>Boca del R\u00edo, Ver.- En la edici\u00f3n pasada se obtuvo una ocupaci\u00f3n hotelera del 90% y una derrama econ\u00f3mica de m\u00e1s de 60 millones de pesos, cifras que para este 2023 se esperan sean igual de positivas La administraci\u00f3n municipal de Boca del R\u00edo se encuentra lista para recibir a miles de personas que se [&hellip;]<\/p>\n","protected":false},"author":2476,"featured_media":43059,"comment_status":"open","ping_status":"open","sticky":false,"template":"","format":"standard","meta":{"_jetpack_memberships_contains_paid_content":false,"footnotes":""},"categories":[2],"tags":[],"class_list":["post-43058","post","type-post","status-publish","format-standard","has-post-thumbnail","hentry","category-estado"],"jetpack_featured_media_url":"https:\/\/encuentroinformativo.com.mx\/wp-content\/uploads\/2023\/07\/IMG-20230721-WA0063.jpg","jetpack_sharing_enabled":true,"jetpack_likes_enabled":true,"amp_enabled":true,"_links":{"self":[{"href":"https:\/\/encuentroinformativo.com.mx\/index.php?rest_route=\/wp\/v2\/posts\/43058","targetHints":{"allow":["GET"]}}],"collection":[{"href":"https:\/\/encuentroinformativo.com.mx\/index.php?rest_route=\/wp\/v2\/posts"}],"about":[{"href":"https:\/\/encuentroinformativo.com.mx\/index.php?rest_route=\/wp\/v2\/types\/post"}],"author":[{"embeddable":true,"href":"https:\/\/encuentroinformativo.com.mx\/index.php?rest_route=\/wp\/v2\/users\/2476"}],"replies":[{"embeddable":true,"href":"https:\/\/encuentroinformativo.com.mx\/index.php?rest_route=%2Fwp%2Fv2%2Fcomments&post=43058"}],"version-history":[{"count":1,"href":"https:\/\/encuentroinformativo.com.mx\/index.php?rest_route=\/wp\/v2\/posts\/43058\/revisions"}],"predecessor-version":[{"id":43060,"href":"https:\/\/encuentroinformativo.com.mx\/index.php?rest_route=\/wp\/v2\/posts\/43058\/revisions\/43060"}],"wp:featuredmedia":[{"embeddable":true,"href":"https:\/\/encuentroinformativo.com.mx\/index.php?rest_route=\/wp\/v2\/media\/43059"}],"wp:attachment":[{"href":"https:\/\/encuentroinformativo.com.mx\/index.php?rest_route=%2Fwp%2Fv2%2Fmedia&parent=43058"}],"wp:term":[{"taxonomy":"category","embeddable":true,"href":"https:\/\/encuentroinformativo.com.mx\/index.php?rest_route=%2Fwp%2Fv2%2Fcategories&post=43058"},{"taxonomy":"post_tag","embeddable":true,"href":"https:\/\/encuentroinformativo.com.mx\/index.php?rest_route=%2Fwp%2Fv2%2Ftags&post=43058"}],"curies":[{"name":"wp","href":"https:\/\/api.w.org\/{rel}","templated":true}]}}