{"id":43061,"date":"2023-07-22T15:20:54","date_gmt":"2023-07-22T21:20:54","guid":{"rendered":"https:\/\/encuentroinformativo.com.mx\/?p=43061"},"modified":"2023-07-22T15:20:59","modified_gmt":"2023-07-22T21:20:59","slug":"reclaman-apoyo-del-diputade-para-la-comunidad-lgbtiq","status":"publish","type":"post","link":"https:\/\/encuentroinformativo.com.mx\/?p=43061","title":{"rendered":"Reclaman apoyo del diputade para la comunidad LGBTIQ"},"content":{"rendered":"\n<p><strong>Alejandro \u00c1vila<\/strong><\/p>\n\n\n\n<p>Veracruz, Ver.- En los meses que lleva el Congreso de Veracruz, el diputade, Gonzalo Iv\u00e1n Dur\u00e1n Chincoya&nbsp; no ha escuchado las necesidades de la comunidad LGBTIQ+, se\u00f1al\u00f3, Vanie Carro Garc\u00e9s, activista independiente de la Comunidad Trans en el Puerto de Veracruz.<\/p>\n\n\n\n<p>\u201cQue se ponga las pilas que son los \u00faltimos a\u00f1os que le quedan\u201d, dijo la activista, quien critic\u00f3 que el diputado Gonzalo Iv\u00e1n, siempre se ha mostrado renuente para entablar una mesa de di\u00e1logo con la comunidad.&nbsp;<\/p>\n\n\n\n<p>&#8220;Hasta ahora no hemos tenido ni siquiera una mesa de trabajo con \u00e9l, muchas veces son mesas circunstanciales, son mesas de trabajo que no tienen fin y siempre se ha mostrado renuente a trabajar estos temas de la comunidad&#8221;, acus\u00f3.<\/p>\n\n\n\n<p>En ese sentido, expuso que han buscado un di\u00e1logo en diversas ocasiones con el legislador, sin que hasta el momento se haya podido concretar la reuni\u00f3n.<\/p>\n\n\n\n<p>La activista, encabez\u00f3 un contingente disidente en la marcha por el orgullo que se realiz\u00f3 este a\u00f1o, dise\u00f1ado dijo, para todas aquellas personas que no encajan en ninguno de los otros grupos o no se sienten representados.<\/p>\n","protected":false},"excerpt":{"rendered":"<p>Alejandro \u00c1vila Veracruz, Ver.- En los meses que lleva el Congreso de Veracruz, el diputade, Gonzalo Iv\u00e1n Dur\u00e1n Chincoya&nbsp; no ha escuchado las necesidades de la comunidad LGBTIQ+, se\u00f1al\u00f3, Vanie Carro Garc\u00e9s, activista independiente de la Comunidad Trans en el Puerto de Veracruz. \u201cQue se ponga las pilas que son los \u00faltimos a\u00f1os que le [&hellip;]<\/p>\n","protected":false},"author":2476,"featured_media":43062,"comment_status":"open","ping_status":"open","sticky":false,"template":"","format":"standard","meta":{"_jetpack_memberships_contains_paid_content":false,"footnotes":""},"categories":[2],"tags":[],"class_list":["post-43061","post","type-post","status-publish","format-standard","has-post-thumbnail","hentry","category-estado"],"jetpack_featured_media_url":"https:\/\/encuentroinformativo.com.mx\/wp-content\/uploads\/2023\/07\/IMG-20230722-WA0053.jpg","jetpack_sharing_enabled":true,"jetpack_likes_enabled":true,"amp_enabled":true,"_links":{"self":[{"href":"https:\/\/encuentroinformativo.com.mx\/index.php?rest_route=\/wp\/v2\/posts\/43061","targetHints":{"allow":["GET"]}}],"collection":[{"href":"https:\/\/encuentroinformativo.com.mx\/index.php?rest_route=\/wp\/v2\/posts"}],"about":[{"href":"https:\/\/encuentroinformativo.com.mx\/index.php?rest_route=\/wp\/v2\/types\/post"}],"author":[{"embeddable":true,"href":"https:\/\/encuentroinformativo.com.mx\/index.php?rest_route=\/wp\/v2\/users\/2476"}],"replies":[{"embeddable":true,"href":"https:\/\/encuentroinformativo.com.mx\/index.php?rest_route=%2Fwp%2Fv2%2Fcomments&post=43061"}],"version-history":[{"count":1,"href":"https:\/\/encuentroinformativo.com.mx\/index.php?rest_route=\/wp\/v2\/posts\/43061\/revisions"}],"predecessor-version":[{"id":43063,"href":"https:\/\/encuentroinformativo.com.mx\/index.php?rest_route=\/wp\/v2\/posts\/43061\/revisions\/43063"}],"wp:featuredmedia":[{"embeddable":true,"href":"https:\/\/encuentroinformativo.com.mx\/index.php?rest_route=\/wp\/v2\/media\/43062"}],"wp:attachment":[{"href":"https:\/\/encuentroinformativo.com.mx\/index.php?rest_route=%2Fwp%2Fv2%2Fmedia&parent=43061"}],"wp:term":[{"taxonomy":"category","embeddable":true,"href":"https:\/\/encuentroinformativo.com.mx\/index.php?rest_route=%2Fwp%2Fv2%2Fcategories&post=43061"},{"taxonomy":"post_tag","embeddable":true,"href":"https:\/\/encuentroinformativo.com.mx\/index.php?rest_route=%2Fwp%2Fv2%2Ftags&post=43061"}],"curies":[{"name":"wp","href":"https:\/\/api.w.org\/{rel}","templated":true}]}}