{"id":43070,"date":"2023-07-22T23:28:09","date_gmt":"2023-07-23T05:28:09","guid":{"rendered":"https:\/\/encuentroinformativo.com.mx\/?p=43070"},"modified":"2023-07-22T23:28:13","modified_gmt":"2023-07-23T05:28:13","slug":"santa-ana-en-tu-colonia-un-exito-total-alcalde-jm-unanue","status":"publish","type":"post","link":"https:\/\/encuentroinformativo.com.mx\/?p=43070","title":{"rendered":"\u201cSanta Ana en tu Colonia\u201d, un \u00e9xito total: Alcalde JM Un\u00e1nue"},"content":{"rendered":"\n<p><strong>*Cientos de personas se dieron cita para presenciar un adelanto de la fiesta m\u00e1s importante de Boca del R\u00edo.<\/strong><\/p>\n\n\n\n<p>Boca del R\u00edo, Ver.- El Alcalde de Boca del R\u00edo, Juan Manuel Un\u00e1nue, encabez\u00f3 por primera vez el desfile \u201cSanta Ana en tu Colonia\u201d, como parte del programa general de las fiesta patronal boque\u00f1a.<\/p>\n\n\n\n<p>La cita fue en la calle Graciano S\u00e1nchez de la colonia Carranza, donde previo a las siete de la noche, cientos de personas se dieron cita para presenciar un adelanto de la fiesta m\u00e1s importante de Boca del R\u00edo.<\/p>\n\n\n\n<p>&#8220;Hay movimiento, derrama econ\u00f3mica y generaci\u00f3n de empleos y esta semana lo va haber (..) la cabecera municipal con estas fiestas tradicionales tendr\u00e1 fuerte actividad econ\u00f3mica beneficiando as\u00ed a todos los sectores&#8221;, destac\u00f3 el Edil.<\/p>\n\n\n\n<p>Al magno evento tambi\u00e9n asisti\u00f3 la Presidenta del DIF, Melina Rivera de Un\u00e1nue, as\u00ed como el cuerpo edilicio y gabinete, pero principalmente, cientos de vecinos de colonias circunvecinas, quienes con mucha alegr\u00eda y en familia se divirtieron con los carros aleg\u00f3ricos, m\u00fasica y comparsas.<\/p>\n\n\n\n<p>Con puntualidad, el primer contingente en presentarse fue integrado por las \u201cBastoneras de Susy\u201d, la Banda de la Escuela Naval y el Ballet Tlanesi, acompa\u00f1ados por elementos de Tr\u00e1nsito Municipal y Polic\u00eda Municipal de Boca del R\u00edo.<\/p>\n\n\n\n<p>El primer carro aleg\u00f3rico fue el m\u00e1s esperado, donde abordo se encontraba la Corte Real de la Fiesta de Santa Ana 2023, integrada por Karla Roxanne Gonz\u00e1lez Mojica, Doncella del Mar 2023; Mar\u00eda Rosal\u00edn Cruz Barrientos, Princesa Primera; In\u00e9s de Jes\u00fas Mart\u00ednez Esmediche, Princesa Segunda y Guillermo Rafael Mu\u00f1oz Rodr\u00edguez, Trit\u00f3n 2023.<\/p>\n\n\n\n<p>Dicha representaci\u00f3n real fue acompa\u00f1ada por la comparsa \u201cLa Pol\u00e9mica\u201d, tambi\u00e9n por la batucada \u201cFilos Du Sol\u201d, las bastoneras \u201cEstilos Liliana\u201d, as\u00ed como por la comparsa \u201cCl\u00e1sicos del IMSS\u201d.<\/p>\n\n\n\n<p>La algarab\u00eda continu\u00f3 con el carro aleg\u00f3rico integrado por Danza Polinesia Eli, acompa\u00f1ado por la comparsa \u201cEstrellas de Fania\u201d, la batucada \u201cPorto Alegre\u201d y la comparsa \u201cLos elegantes del Barrio de La Huaca\u201d, una de las tradicionales en la zona conurbada.<\/p>\n\n\n\n<p>Uno de los contingentes que fue una sorpresa para chicos y grandes, fue el integrado por la Confederaci\u00f3n Internacional de Motociclistas, mostrando sus potentes motocicletas.<\/p>\n\n\n\n<p>A lo largo de la calle Graciano S\u00e1nchez, las familias boque\u00f1as apreciaron la participaci\u00f3n del carro aleg\u00f3rico \u201cBallet Brian Ruiz\u201d, la comparsa \u201cSalseros del M\u00e9dano\u201d, Fantastic Show Infantil y la comparsa \u201cLleg\u00f3 el sabor\u201d.<\/p>\n\n\n\n<p>No solo fue diversi\u00f3n, tambi\u00e9n se gener\u00f3 una importante derrama econ\u00f3mica en los comercios locales, quienes incrementaron sus ventas gracias al desfile \u201cSanta Ana en tu Colonia\u201d.<\/p>\n\n\n\n<p>Los \u00faltimos contingentes estuvieron integrados por el carro aleg\u00f3rico \u201cComunidad Col. Carranza\u201d, y las comparsas \u201cEstrellas de la Salsa\u201d, \u201cAmantes del Baile\u201d y \u201cFlota Latina\u201d, adem\u00e1s de la batucada \u201cUbuntu\u201d.<\/p>\n\n\n\n<p>Por \u00f3rdenes del Presidente Municipal, Juan Manuel Un\u00e1nue Abascal, se implement\u00f3 un operativo preventivo, para que la fiesta transcurriera sin contratiempos resultando un saldo blanco, gracias a la participaci\u00f3n de la Direcci\u00f3n de Protecci\u00f3n Civil Municipal, Polic\u00eda Municipal, Tr\u00e1nsito Municipal, Gobernaci\u00f3n, Limpia P\u00fablica; elementos de Emergencias M\u00e9dicas, Fuerza Civil y Polic\u00eda Naval.<\/p>\n\n\n\n<p>Para mayor informaci\u00f3n sobre las actividades y conciertos, pueden visitar las Redes Sociales Oficiales del Ayuntamiento: www.facebook.com\/BocaLoMejorDeVeracruz, Twitter: @_BocadelRio e Instagram: @bocadelrio.ver; as\u00ed como la p\u00e1gina oficial www.fiesta-santa-ana.mx<\/p>\n","protected":false},"excerpt":{"rendered":"<p>*Cientos de personas se dieron cita para presenciar un adelanto de la fiesta m\u00e1s importante de Boca del R\u00edo. Boca del R\u00edo, Ver.- El Alcalde de Boca del R\u00edo, Juan Manuel Un\u00e1nue, encabez\u00f3 por primera vez el desfile \u201cSanta Ana en tu Colonia\u201d, como parte del programa general de las fiesta patronal boque\u00f1a. La cita [&hellip;]<\/p>\n","protected":false},"author":2476,"featured_media":43071,"comment_status":"open","ping_status":"open","sticky":false,"template":"","format":"standard","meta":{"_jetpack_memberships_contains_paid_content":false,"footnotes":""},"categories":[2],"tags":[],"class_list":["post-43070","post","type-post","status-publish","format-standard","has-post-thumbnail","hentry","category-estado"],"jetpack_featured_media_url":"https:\/\/encuentroinformativo.com.mx\/wp-content\/uploads\/2023\/07\/IMG-20230722-WA00692.jpg","jetpack_sharing_enabled":true,"jetpack_likes_enabled":true,"amp_enabled":true,"_links":{"self":[{"href":"https:\/\/encuentroinformativo.com.mx\/index.php?rest_route=\/wp\/v2\/posts\/43070","targetHints":{"allow":["GET"]}}],"collection":[{"href":"https:\/\/encuentroinformativo.com.mx\/index.php?rest_route=\/wp\/v2\/posts"}],"about":[{"href":"https:\/\/encuentroinformativo.com.mx\/index.php?rest_route=\/wp\/v2\/types\/post"}],"author":[{"embeddable":true,"href":"https:\/\/encuentroinformativo.com.mx\/index.php?rest_route=\/wp\/v2\/users\/2476"}],"replies":[{"embeddable":true,"href":"https:\/\/encuentroinformativo.com.mx\/index.php?rest_route=%2Fwp%2Fv2%2Fcomments&post=43070"}],"version-history":[{"count":1,"href":"https:\/\/encuentroinformativo.com.mx\/index.php?rest_route=\/wp\/v2\/posts\/43070\/revisions"}],"predecessor-version":[{"id":43072,"href":"https:\/\/encuentroinformativo.com.mx\/index.php?rest_route=\/wp\/v2\/posts\/43070\/revisions\/43072"}],"wp:featuredmedia":[{"embeddable":true,"href":"https:\/\/encuentroinformativo.com.mx\/index.php?rest_route=\/wp\/v2\/media\/43071"}],"wp:attachment":[{"href":"https:\/\/encuentroinformativo.com.mx\/index.php?rest_route=%2Fwp%2Fv2%2Fmedia&parent=43070"}],"wp:term":[{"taxonomy":"category","embeddable":true,"href":"https:\/\/encuentroinformativo.com.mx\/index.php?rest_route=%2Fwp%2Fv2%2Fcategories&post=43070"},{"taxonomy":"post_tag","embeddable":true,"href":"https:\/\/encuentroinformativo.com.mx\/index.php?rest_route=%2Fwp%2Fv2%2Ftags&post=43070"}],"curies":[{"name":"wp","href":"https:\/\/api.w.org\/{rel}","templated":true}]}}