{"id":43082,"date":"2023-07-23T14:30:26","date_gmt":"2023-07-23T20:30:26","guid":{"rendered":"https:\/\/encuentroinformativo.com.mx\/?p=43082"},"modified":"2023-07-23T14:30:30","modified_gmt":"2023-07-23T20:30:30","slug":"xallitic-sera-barrio-magico","status":"publish","type":"post","link":"https:\/\/encuentroinformativo.com.mx\/?p=43082","title":{"rendered":"Xallitic, ser\u00e1 Barrio M\u00e1gico"},"content":{"rendered":"\n<p><strong>Juan Arcos <\/strong><\/p>\n\n\n\n<p>Xalapa, Ver.- El barrio Xallitic de la ciudad de Xalapa, la capital de Veracruz, recibir\u00e1 el nombramiento de \u201cBarrio M\u00e1gico\u201d por parte de la Secretar\u00eda de Turismo del gobierno federal.<\/p>\n\n\n\n<p>El titular de la Secretar\u00eda de Turismo y Cultura (Sectur), Iv\u00e1n Francisco Mart\u00ednez Olvera, revel\u00f3 que esto se llevar\u00e1 a cabo el pr\u00f3ximo\u00a017 de agosto, con la presencia del secretario de Turismo federal, Miguel Torruco Marqu\u00e9s.<\/p>\n\n\n\n<p>Al programa se inscribieron varios barrios veracruzanos pero al final llegaron dos: el barrio de La Huaca, ubicado en el puerto de Veracruz, y El Xallitic, en Xalapa, siendo seleccionado el segundo mencionado.<\/p>\n\n\n\n<p>Se trabaja en el barrio que recibir\u00e1 el nombramiento para mejorar la iluminaci\u00f3n, pintura, sanitario, sistemas hidr\u00e1ulicos y otros aspectos.<\/p>\n\n\n\n<p>&#8220;Es como el primer beneficio, pero el beneficio es la promoci\u00f3n tur\u00edstica que le da, no solamente a una ciudad, sino enlazada a un producto ancla que es un barrio&#8221;.<\/p>\n\n\n\n<p>En la actualidad, el barrio Xallitic es sede de eventos culturales; sin embargo, con la denominaci\u00f3n de la Secretar\u00eda de Turismo federal, la zona tendr\u00e1 una mayor promoci\u00f3n como destino tur\u00edstico.<\/p>\n\n\n\n<p>Iv\u00e1n Mart\u00ednez record\u00f3 que la primera etapa del programa contempla a 32 barrios, uno por cada entidad federativa, para detonar el turismo que viaja por carretera.<\/p>\n\n\n\n<p>Adelant\u00f3 que el secretario de Turismo, Miguel Torruco, estar\u00e1 en Xalapa pero har\u00e1 entrega de otros distintivos y tambi\u00e9n visitar\u00e1 otros municipios como C\u00f3rdoba y Veracruz.<\/p>\n\n\n\n<p>Adem\u00e1s, el funcionario federal podr\u00eda que inaugurar el Festival de Cempoala, el pr\u00f3ximo 18 de agosto.<\/p>\n","protected":false},"excerpt":{"rendered":"<p>Juan Arcos Xalapa, Ver.- El barrio Xallitic de la ciudad de Xalapa, la capital de Veracruz, recibir\u00e1 el nombramiento de \u201cBarrio M\u00e1gico\u201d por parte de la Secretar\u00eda de Turismo del gobierno federal. El titular de la Secretar\u00eda de Turismo y Cultura (Sectur), Iv\u00e1n Francisco Mart\u00ednez Olvera, revel\u00f3 que esto se llevar\u00e1 a cabo el pr\u00f3ximo\u00a017 [&hellip;]<\/p>\n","protected":false},"author":2476,"featured_media":43083,"comment_status":"open","ping_status":"open","sticky":false,"template":"","format":"standard","meta":{"_jetpack_memberships_contains_paid_content":false,"footnotes":""},"categories":[3],"tags":[],"class_list":["post-43082","post","type-post","status-publish","format-standard","has-post-thumbnail","hentry","category-xalapa"],"jetpack_featured_media_url":"https:\/\/encuentroinformativo.com.mx\/wp-content\/uploads\/2023\/07\/IMG_3170.jpg","jetpack_sharing_enabled":true,"jetpack_likes_enabled":true,"amp_enabled":true,"_links":{"self":[{"href":"https:\/\/encuentroinformativo.com.mx\/index.php?rest_route=\/wp\/v2\/posts\/43082","targetHints":{"allow":["GET"]}}],"collection":[{"href":"https:\/\/encuentroinformativo.com.mx\/index.php?rest_route=\/wp\/v2\/posts"}],"about":[{"href":"https:\/\/encuentroinformativo.com.mx\/index.php?rest_route=\/wp\/v2\/types\/post"}],"author":[{"embeddable":true,"href":"https:\/\/encuentroinformativo.com.mx\/index.php?rest_route=\/wp\/v2\/users\/2476"}],"replies":[{"embeddable":true,"href":"https:\/\/encuentroinformativo.com.mx\/index.php?rest_route=%2Fwp%2Fv2%2Fcomments&post=43082"}],"version-history":[{"count":1,"href":"https:\/\/encuentroinformativo.com.mx\/index.php?rest_route=\/wp\/v2\/posts\/43082\/revisions"}],"predecessor-version":[{"id":43084,"href":"https:\/\/encuentroinformativo.com.mx\/index.php?rest_route=\/wp\/v2\/posts\/43082\/revisions\/43084"}],"wp:featuredmedia":[{"embeddable":true,"href":"https:\/\/encuentroinformativo.com.mx\/index.php?rest_route=\/wp\/v2\/media\/43083"}],"wp:attachment":[{"href":"https:\/\/encuentroinformativo.com.mx\/index.php?rest_route=%2Fwp%2Fv2%2Fmedia&parent=43082"}],"wp:term":[{"taxonomy":"category","embeddable":true,"href":"https:\/\/encuentroinformativo.com.mx\/index.php?rest_route=%2Fwp%2Fv2%2Fcategories&post=43082"},{"taxonomy":"post_tag","embeddable":true,"href":"https:\/\/encuentroinformativo.com.mx\/index.php?rest_route=%2Fwp%2Fv2%2Ftags&post=43082"}],"curies":[{"name":"wp","href":"https:\/\/api.w.org\/{rel}","templated":true}]}}