{"id":43085,"date":"2023-07-23T14:40:37","date_gmt":"2023-07-23T20:40:37","guid":{"rendered":"https:\/\/encuentroinformativo.com.mx\/?p=43085"},"modified":"2023-07-23T14:40:41","modified_gmt":"2023-07-23T20:40:41","slug":"todo-un-exito-la-segunda-edicion-de-la-carrera-santa-ana-2023-alcalde-jm-unanue","status":"publish","type":"post","link":"https:\/\/encuentroinformativo.com.mx\/?p=43085","title":{"rendered":"Todo un \u00e9xito la Segunda Edici\u00f3n de la Carrera Santa Ana 2023: Alcalde JM Un\u00e1nue"},"content":{"rendered":"\n<p><strong>*<em>M\u00e1s de mil participantes lograron obtener la medalla con la letra \u201cO\u201d de cuatro coleccionables que completar\u00e1 la palabra \u201cBOCA\u201d<\/em>.<\/strong><\/p>\n\n\n\n<p>Boca del R\u00edo, Ver.- Todo un \u00e9xito result\u00f3 la Segunda Edici\u00f3n de la Carrera Conmemorativa Santa Ana 3K y 5K 2023 que se llev\u00f3 a cabo este domingo en el bulevar Vicente Fox, donde m\u00e1s de mil participantes disfrutaron de esta convivencia para obtener la medalla con la letra \u201cO\u201d.<\/p>\n\n\n\n<p>En punto de las siete de la ma\u00f1ana, el Alcalde de Boca del R\u00edo, Juan Manuel Un\u00e1nue Abascal y la presidenta del DIF, Melina Robert de Un\u00e1nue, dieron la bienvenida a los participantes de todas las edades con el conteo regresivo para dar inicio a la Carrera de Santa Ana 2023.<\/p>\n\n\n\n<p>\u201cSean todos bienvenidos, con esto abrimos las fiestas de Santa Ana, felicidades a todas y a todos, disfruten de la carrera\u201d, expres\u00f3 el Alcalde.<\/p>\n\n\n\n<p>Por su parte, Manuel L\u00f3pez Mondrag\u00f3n, director de Fomento Deportivo, destac\u00f3 que esta carrera ya es una tradici\u00f3n, adem\u00e1s de que fomenta la recreaci\u00f3n y convivencia familiar.<\/p>\n\n\n\n<p>Dicha carrera cont\u00f3 con un operativo vial para que los participantes disfrutaran a lo largo del bulevar Vicente Fox, bulevar Miguel Alem\u00e1n, as\u00ed como calles aleda\u00f1as de la cabecera municipal de Boca del R\u00edo.<\/p>\n\n\n\n<p><em>PREMIACI\u00d3N<\/em><\/p>\n\n\n\n<p>La premiaci\u00f3n se dio a los tres primeros lugares de la carrera 5K en las ramas varonil y femenil con una premiaci\u00f3n en econ\u00f3mica de tres mil, dos mil y mil pesos.<\/p>\n\n\n\n<p><em>RAMA VARONIL<\/em><br>1.- Carlos David Gamboa Ram\u00edrez<br>2.- Edilson Hern\u00e1ndez Herrera<br>3.- Diego Gael Mart\u00ednez Hern\u00e1ndez<\/p>\n\n\n\n<p><em>RAMA FEMENIL<\/em><br>1.- Ariana Flores Soriano<br>2.- Deneb Estrada Duv\u00e1n<br>3.- Claudia Adriana M\u00e1rquez Morales<\/p>\n","protected":false},"excerpt":{"rendered":"<p>*M\u00e1s de mil participantes lograron obtener la medalla con la letra \u201cO\u201d de cuatro coleccionables que completar\u00e1 la palabra \u201cBOCA\u201d. Boca del R\u00edo, Ver.- Todo un \u00e9xito result\u00f3 la Segunda Edici\u00f3n de la Carrera Conmemorativa Santa Ana 3K y 5K 2023 que se llev\u00f3 a cabo este domingo en el bulevar Vicente Fox, donde m\u00e1s [&hellip;]<\/p>\n","protected":false},"author":2476,"featured_media":43086,"comment_status":"open","ping_status":"open","sticky":false,"template":"","format":"standard","meta":{"_jetpack_memberships_contains_paid_content":false,"footnotes":""},"categories":[2],"tags":[],"class_list":["post-43085","post","type-post","status-publish","format-standard","has-post-thumbnail","hentry","category-estado"],"jetpack_featured_media_url":"https:\/\/encuentroinformativo.com.mx\/wp-content\/uploads\/2023\/07\/IMG-20230723-WA00202.jpg","jetpack_sharing_enabled":true,"jetpack_likes_enabled":true,"amp_enabled":true,"_links":{"self":[{"href":"https:\/\/encuentroinformativo.com.mx\/index.php?rest_route=\/wp\/v2\/posts\/43085","targetHints":{"allow":["GET"]}}],"collection":[{"href":"https:\/\/encuentroinformativo.com.mx\/index.php?rest_route=\/wp\/v2\/posts"}],"about":[{"href":"https:\/\/encuentroinformativo.com.mx\/index.php?rest_route=\/wp\/v2\/types\/post"}],"author":[{"embeddable":true,"href":"https:\/\/encuentroinformativo.com.mx\/index.php?rest_route=\/wp\/v2\/users\/2476"}],"replies":[{"embeddable":true,"href":"https:\/\/encuentroinformativo.com.mx\/index.php?rest_route=%2Fwp%2Fv2%2Fcomments&post=43085"}],"version-history":[{"count":1,"href":"https:\/\/encuentroinformativo.com.mx\/index.php?rest_route=\/wp\/v2\/posts\/43085\/revisions"}],"predecessor-version":[{"id":43087,"href":"https:\/\/encuentroinformativo.com.mx\/index.php?rest_route=\/wp\/v2\/posts\/43085\/revisions\/43087"}],"wp:featuredmedia":[{"embeddable":true,"href":"https:\/\/encuentroinformativo.com.mx\/index.php?rest_route=\/wp\/v2\/media\/43086"}],"wp:attachment":[{"href":"https:\/\/encuentroinformativo.com.mx\/index.php?rest_route=%2Fwp%2Fv2%2Fmedia&parent=43085"}],"wp:term":[{"taxonomy":"category","embeddable":true,"href":"https:\/\/encuentroinformativo.com.mx\/index.php?rest_route=%2Fwp%2Fv2%2Fcategories&post=43085"},{"taxonomy":"post_tag","embeddable":true,"href":"https:\/\/encuentroinformativo.com.mx\/index.php?rest_route=%2Fwp%2Fv2%2Ftags&post=43085"}],"curies":[{"name":"wp","href":"https:\/\/api.w.org\/{rel}","templated":true}]}}