{"id":4309,"date":"2020-07-22T13:10:12","date_gmt":"2020-07-22T18:10:12","guid":{"rendered":"https:\/\/encuentroinformativo.com\/?p=4309"},"modified":"2020-07-22T13:10:34","modified_gmt":"2020-07-22T18:10:34","slug":"organiza-frena-ultima-caravana-antiamlo","status":"publish","type":"post","link":"https:\/\/encuentroinformativo.com.mx\/?p=4309","title":{"rendered":"Organiza FRENA \u00faltima caravana antiAMLO"},"content":{"rendered":"\n<p><strong>Dar\u00edo Pale <\/strong><\/p>\n\n\n\n<p>Xalapa, Ver.- La se\u00f1ora Hilda Salda\u00f1a Olmos integrante del Frente Nacional AntiAMLO (FRENA), dio a conocer que el pr\u00f3ximo domingo 26 podr\u00eda ser la ultima caravana ya que existe la posibilidad de que inicien otra serie de manifestaciones de otra \u00edndole.<\/p>\n\n\n\n<p>En conferencia de prensa realizada en conocido caf\u00e9 del centro de Xalapa, se\u00f1al\u00f3 que est\u00e1n invitando a la ciudadan\u00eda para que participen en la quinta caravana por M\u00e9xico que se realizar\u00e1 el pr\u00f3ximo domingo 26, pueden participar de los municipios de Xalapa, Coatepec, Banderilla y Emiliano Zapata.<\/p>\n\n\n\n<p>Dio a conocer que quienes no cuenten con un veh\u00edculo pueden manifestarse desde sus casas colocando cartulinas o lonas y que se afilien al movimiento de FRENA, ya que es un movimiento ciudadano y pac\u00edfico que desea actuar para lograr la renuncia del presidente de M\u00e9xico antes del 30 de noviembre.<\/p>\n\n\n\n<p>La quinta Caravana por M\u00e9xico en Xalapa partir\u00e1 de la avenida Valle Real a un costado de la central de abastos est\u00e1n citando a las 10:00 horas para iniciar a las 10:30, en esta ocasi\u00f3n el recorrido ser\u00e1 m\u00e1s corto debido a los cierres de las diferentes calles de la ciudad.<\/p>\n\n\n\n<p>Se\u00f1al\u00f3 que muy probablemente esta sea la \u00faltima caravana antes de que pasen a otro tipo de acciones como la toma de plazas p\u00fablicas, lo cual dar\u00e1n a conocer de forma oportuna por medio de las redes sociales de FRENA.<\/p>\n\n\n\n<p>Finalmente se\u00f1al\u00f3 que para cualquier informaci\u00f3n sobre el movimiento la pueden encontrar en\u00a0<a rel=\"noreferrer noopener\" href=\"http:\/\/www.frena.com\/\" target=\"_blank\">www.frena.com<\/a>.mx y aclar\u00f3 que no intentan ser partido pol\u00edtico o alg\u00fan otro tipo de movimiento.<\/p>\n\n\n\n<p><\/p>\n","protected":false},"excerpt":{"rendered":"<p>Dar\u00edo Pale Xalapa, Ver.- La se\u00f1ora Hilda Salda\u00f1a Olmos integrante del Frente Nacional AntiAMLO (FRENA), dio a conocer que el pr\u00f3ximo domingo 26 podr\u00eda ser la ultima caravana ya que existe la posibilidad de que inicien otra serie de manifestaciones de otra \u00edndole. En conferencia de prensa realizada en conocido caf\u00e9 del centro de Xalapa, [&hellip;]<\/p>\n","protected":false},"author":1,"featured_media":4310,"comment_status":"open","ping_status":"open","sticky":false,"template":"","format":"standard","meta":{"_jetpack_memberships_contains_paid_content":false,"footnotes":""},"categories":[3],"tags":[],"class_list":["post-4309","post","type-post","status-publish","format-standard","has-post-thumbnail","hentry","category-xalapa"],"jetpack_featured_media_url":"https:\/\/encuentroinformativo.com.mx\/wp-content\/uploads\/2020\/07\/FC4E02CC-5BEC-4286-9653-0FFFFF207697.jpeg","jetpack_sharing_enabled":true,"jetpack_likes_enabled":true,"amp_enabled":true,"_links":{"self":[{"href":"https:\/\/encuentroinformativo.com.mx\/index.php?rest_route=\/wp\/v2\/posts\/4309","targetHints":{"allow":["GET"]}}],"collection":[{"href":"https:\/\/encuentroinformativo.com.mx\/index.php?rest_route=\/wp\/v2\/posts"}],"about":[{"href":"https:\/\/encuentroinformativo.com.mx\/index.php?rest_route=\/wp\/v2\/types\/post"}],"author":[{"embeddable":true,"href":"https:\/\/encuentroinformativo.com.mx\/index.php?rest_route=\/wp\/v2\/users\/1"}],"replies":[{"embeddable":true,"href":"https:\/\/encuentroinformativo.com.mx\/index.php?rest_route=%2Fwp%2Fv2%2Fcomments&post=4309"}],"version-history":[{"count":1,"href":"https:\/\/encuentroinformativo.com.mx\/index.php?rest_route=\/wp\/v2\/posts\/4309\/revisions"}],"predecessor-version":[{"id":4311,"href":"https:\/\/encuentroinformativo.com.mx\/index.php?rest_route=\/wp\/v2\/posts\/4309\/revisions\/4311"}],"wp:featuredmedia":[{"embeddable":true,"href":"https:\/\/encuentroinformativo.com.mx\/index.php?rest_route=\/wp\/v2\/media\/4310"}],"wp:attachment":[{"href":"https:\/\/encuentroinformativo.com.mx\/index.php?rest_route=%2Fwp%2Fv2%2Fmedia&parent=4309"}],"wp:term":[{"taxonomy":"category","embeddable":true,"href":"https:\/\/encuentroinformativo.com.mx\/index.php?rest_route=%2Fwp%2Fv2%2Fcategories&post=4309"},{"taxonomy":"post_tag","embeddable":true,"href":"https:\/\/encuentroinformativo.com.mx\/index.php?rest_route=%2Fwp%2Fv2%2Ftags&post=4309"}],"curies":[{"name":"wp","href":"https:\/\/api.w.org\/{rel}","templated":true}]}}