{"id":43095,"date":"2023-07-24T12:48:27","date_gmt":"2023-07-24T18:48:27","guid":{"rendered":"https:\/\/encuentroinformativo.com.mx\/?p=43095"},"modified":"2023-07-24T12:48:32","modified_gmt":"2023-07-24T18:48:32","slug":"hechos-delictivos-siguen-a-la-baja-ssp","status":"publish","type":"post","link":"https:\/\/encuentroinformativo.com.mx\/?p=43095","title":{"rendered":"Hechos delictivos siguen a la baja: SSP"},"content":{"rendered":"\n<p><strong>Redacci\u00f3n<\/strong><\/p>\n\n\n\n<p>Xalapa, Ver.- Gracias al trabajo coordinado de los distintos niveles de gobierno se ha logrado disminuir la incidencia delictiva en Veracruz, as\u00ed lo consider\u00f3 Cuauht\u00e9moc Z\u00fa\u00f1iga Bonilla titular de la Secretar\u00eda de Seguridad P\u00fablica (SSP).<\/p>\n\n\n\n<p>En entrevista el secretario de despacho se\u00f1al\u00f3 que las cifras en rubros como homicidios y secuestros siguen a la baja en el territorio veracruzano de acuerdo a las cifras oficiales del Secretariado Ejecutivo.<\/p>\n\n\n\n<p>\u201cSe ha logrado una muy buena coordinaci\u00f3n con las autoridades federales, estatales, la Fiscal\u00eda, la Secretar\u00eda de Seguridad P\u00fablica, Marina, SEDENA y gracias a este esfuerzo se ha logrado bajar la incidencia delictiva\u201d.<\/p>\n\n\n\n<p>Las cifras son muy favorables, vamos bastante bien de acuerdo a la \u00faltima informaci\u00f3n del Secretariado Ejecutivo, precis\u00f3.<\/p>\n\n\n\n<p>En otro orden de ideas, Z\u00fa\u00f1iga Bonilla explic\u00f3 que se mantiene coordinaci\u00f3n con el sector empresarial de la zona conurbada Veracruz \u2013 Boca del R\u00edo para atender sus inquietudes, al tiempo que record\u00f3 los trabajos incluyen tambi\u00e9n a la Polic\u00eda Naval.<\/p>\n\n\n\n<p>\u201cTenemos una coordinaci\u00f3n permanente con ellos (empresarios), siempre se les han abierto las puertas\u2026 hemos atendido todas las demandas que nos han hecho, hemos reforzado todas las zonas de comercio y vamos bien\u201d, finaliz\u00f3.<\/p>\n","protected":false},"excerpt":{"rendered":"<p>Redacci\u00f3n Xalapa, Ver.- Gracias al trabajo coordinado de los distintos niveles de gobierno se ha logrado disminuir la incidencia delictiva en Veracruz, as\u00ed lo consider\u00f3 Cuauht\u00e9moc Z\u00fa\u00f1iga Bonilla titular de la Secretar\u00eda de Seguridad P\u00fablica (SSP). En entrevista el secretario de despacho se\u00f1al\u00f3 que las cifras en rubros como homicidios y secuestros siguen a la [&hellip;]<\/p>\n","protected":false},"author":2476,"featured_media":39383,"comment_status":"open","ping_status":"open","sticky":false,"template":"","format":"standard","meta":{"_jetpack_memberships_contains_paid_content":false,"footnotes":""},"categories":[2],"tags":[],"class_list":["post-43095","post","type-post","status-publish","format-standard","has-post-thumbnail","hentry","category-estado"],"jetpack_featured_media_url":"https:\/\/encuentroinformativo.com.mx\/wp-content\/uploads\/2023\/04\/IMG-20230418-WA0042.jpg","jetpack_sharing_enabled":true,"jetpack_likes_enabled":true,"amp_enabled":true,"_links":{"self":[{"href":"https:\/\/encuentroinformativo.com.mx\/index.php?rest_route=\/wp\/v2\/posts\/43095","targetHints":{"allow":["GET"]}}],"collection":[{"href":"https:\/\/encuentroinformativo.com.mx\/index.php?rest_route=\/wp\/v2\/posts"}],"about":[{"href":"https:\/\/encuentroinformativo.com.mx\/index.php?rest_route=\/wp\/v2\/types\/post"}],"author":[{"embeddable":true,"href":"https:\/\/encuentroinformativo.com.mx\/index.php?rest_route=\/wp\/v2\/users\/2476"}],"replies":[{"embeddable":true,"href":"https:\/\/encuentroinformativo.com.mx\/index.php?rest_route=%2Fwp%2Fv2%2Fcomments&post=43095"}],"version-history":[{"count":1,"href":"https:\/\/encuentroinformativo.com.mx\/index.php?rest_route=\/wp\/v2\/posts\/43095\/revisions"}],"predecessor-version":[{"id":43096,"href":"https:\/\/encuentroinformativo.com.mx\/index.php?rest_route=\/wp\/v2\/posts\/43095\/revisions\/43096"}],"wp:featuredmedia":[{"embeddable":true,"href":"https:\/\/encuentroinformativo.com.mx\/index.php?rest_route=\/wp\/v2\/media\/39383"}],"wp:attachment":[{"href":"https:\/\/encuentroinformativo.com.mx\/index.php?rest_route=%2Fwp%2Fv2%2Fmedia&parent=43095"}],"wp:term":[{"taxonomy":"category","embeddable":true,"href":"https:\/\/encuentroinformativo.com.mx\/index.php?rest_route=%2Fwp%2Fv2%2Fcategories&post=43095"},{"taxonomy":"post_tag","embeddable":true,"href":"https:\/\/encuentroinformativo.com.mx\/index.php?rest_route=%2Fwp%2Fv2%2Ftags&post=43095"}],"curies":[{"name":"wp","href":"https:\/\/api.w.org\/{rel}","templated":true}]}}