{"id":43103,"date":"2023-07-24T16:29:18","date_gmt":"2023-07-24T22:29:18","guid":{"rendered":"https:\/\/encuentroinformativo.com.mx\/?p=43103"},"modified":"2023-07-24T16:29:21","modified_gmt":"2023-07-24T22:29:21","slug":"gobernador-pide-a-jueces-privilegiar-el-interes-publico","status":"publish","type":"post","link":"https:\/\/encuentroinformativo.com.mx\/?p=43103","title":{"rendered":"Gobernador pide a jueces privilegiar el inter\u00e9s p\u00fablico"},"content":{"rendered":"\n<p><strong>Dar\u00edo Pale <\/strong><\/p>\n\n\n\n<p>Xalapa, Ver.- El gobernador del estado Cuitl\u00e1huac Garc\u00eda Jim\u00e9nez hizo un llamado a los jueces que otorgaron tres amparos a privilegiar el inter\u00e9s \u00a0p\u00fablico mayor de la sociedad, esto luego de que se confirmara que la construcci\u00f3n del Paso Superior Vehicular (PSV), en la avenida L\u00e1zaro C\u00e1rdenas, a la altura de La Corona, est\u00e1 suspendida.<\/p>\n\n\n\n<p>En conferencia de prensa el Gobernador exhorto a los jueces a privilegiar inter\u00e9s p\u00fablico mayor de ciudadanos, &#8220;solicito, exhorto a los jueces a que protejan el inter\u00e9s p\u00fablico mayor, est\u00e1n obligados y que no pongan en riesgo la seguridad vial de esa ruta federal, porque nos ordenaron dejarla como est\u00e1 y si algo pasa ah\u00ed, ellos tendr\u00e1n que responder&#8221;.<\/p>\n\n\n\n<p>El titular del Ejecutivo critic\u00f3 a 24 personas de m\u00e1s de 80 mil usuarios al d\u00eda de la v\u00eda de comunicaci\u00f3n, as\u00ed como los m\u00e1s de 150 mil que habitan en la zona norte; que se oponen al proyecto.<\/p>\n\n\n\n<p>&#8220;24 personas est\u00e1n parando el inter\u00e9s p\u00fablico mayor y los dos jueces debieron haber considerado cu\u00e1l era el inter\u00e9s p\u00fablico mayor&#8221;, se\u00f1al\u00f3.<\/p>\n\n\n\n<p>Dio a conocer que se han interpuesto tres amparos, dos de los cuales fueron para detener la obra en su totalidad , otro dio su aval para continuar la obra respetando los \u00e1rboles que quedaron, pero los tres se recurrir\u00e1n para que la obra contin\u00fae.<\/p>\n\n\n\n<p>El Ejecutivo estim\u00f3 que al regreso de las vacaciones la circulaci\u00f3n se ver\u00e1 doblemente interrumpida porque uno de los jueces determin\u00f3 que todo se quedara como est\u00e1.<\/p>\n\n\n\n<p>Garc\u00eda Jim\u00e9nez afirm\u00f3 que van a recurrir los amparos y rechaz\u00f3 que no se haya hecho una consulta a los vecinos, lo cual tendr\u00e1 que probar la SEMARNAT y justific\u00f3 que su deber es mejorar la vialidad porque as\u00ed se la dejaron, con mucho tr\u00e1nsito federal y de los diversos conjuntos habitacionales.<\/p>\n\n\n\n<p>Por \u00faltimo record\u00f3 que para la construcci\u00f3n del puente Bicentenario se derribaron 300 \u00e1rboles y nadie dijo nada porque todos vieron que la obra resolv\u00eda un &#8220;primer nudo de la Ciudad&#8221;.<\/p>\n","protected":false},"excerpt":{"rendered":"<p>Dar\u00edo Pale Xalapa, Ver.- El gobernador del estado Cuitl\u00e1huac Garc\u00eda Jim\u00e9nez hizo un llamado a los jueces que otorgaron tres amparos a privilegiar el inter\u00e9s \u00a0p\u00fablico mayor de la sociedad, esto luego de que se confirmara que la construcci\u00f3n del Paso Superior Vehicular (PSV), en la avenida L\u00e1zaro C\u00e1rdenas, a la altura de La Corona, [&hellip;]<\/p>\n","protected":false},"author":2476,"featured_media":43104,"comment_status":"open","ping_status":"open","sticky":false,"template":"","format":"standard","meta":{"_jetpack_memberships_contains_paid_content":false,"footnotes":""},"categories":[3],"tags":[],"class_list":["post-43103","post","type-post","status-publish","format-standard","has-post-thumbnail","hentry","category-xalapa"],"jetpack_featured_media_url":"https:\/\/encuentroinformativo.com.mx\/wp-content\/uploads\/2023\/07\/IMG_20230724_162605_1080_x_1080_pixel2.jpg","jetpack_sharing_enabled":true,"jetpack_likes_enabled":true,"amp_enabled":true,"_links":{"self":[{"href":"https:\/\/encuentroinformativo.com.mx\/index.php?rest_route=\/wp\/v2\/posts\/43103","targetHints":{"allow":["GET"]}}],"collection":[{"href":"https:\/\/encuentroinformativo.com.mx\/index.php?rest_route=\/wp\/v2\/posts"}],"about":[{"href":"https:\/\/encuentroinformativo.com.mx\/index.php?rest_route=\/wp\/v2\/types\/post"}],"author":[{"embeddable":true,"href":"https:\/\/encuentroinformativo.com.mx\/index.php?rest_route=\/wp\/v2\/users\/2476"}],"replies":[{"embeddable":true,"href":"https:\/\/encuentroinformativo.com.mx\/index.php?rest_route=%2Fwp%2Fv2%2Fcomments&post=43103"}],"version-history":[{"count":1,"href":"https:\/\/encuentroinformativo.com.mx\/index.php?rest_route=\/wp\/v2\/posts\/43103\/revisions"}],"predecessor-version":[{"id":43105,"href":"https:\/\/encuentroinformativo.com.mx\/index.php?rest_route=\/wp\/v2\/posts\/43103\/revisions\/43105"}],"wp:featuredmedia":[{"embeddable":true,"href":"https:\/\/encuentroinformativo.com.mx\/index.php?rest_route=\/wp\/v2\/media\/43104"}],"wp:attachment":[{"href":"https:\/\/encuentroinformativo.com.mx\/index.php?rest_route=%2Fwp%2Fv2%2Fmedia&parent=43103"}],"wp:term":[{"taxonomy":"category","embeddable":true,"href":"https:\/\/encuentroinformativo.com.mx\/index.php?rest_route=%2Fwp%2Fv2%2Fcategories&post=43103"},{"taxonomy":"post_tag","embeddable":true,"href":"https:\/\/encuentroinformativo.com.mx\/index.php?rest_route=%2Fwp%2Fv2%2Ftags&post=43103"}],"curies":[{"name":"wp","href":"https:\/\/api.w.org\/{rel}","templated":true}]}}