{"id":43106,"date":"2023-07-24T17:00:30","date_gmt":"2023-07-24T23:00:30","guid":{"rendered":"https:\/\/encuentroinformativo.com.mx\/?p=43106"},"modified":"2023-07-24T17:00:34","modified_gmt":"2023-07-24T23:00:34","slug":"fortalecer-la-profesionalizacion-de-la-policia-municipal-prioridad-del-alcalde-jm-unanue","status":"publish","type":"post","link":"https:\/\/encuentroinformativo.com.mx\/?p=43106","title":{"rendered":"Fortalecer la profesionalizaci\u00f3n  de la Polic\u00eda Municipal, prioridad del Alcalde JM Un\u00e1nue"},"content":{"rendered":"\n<p><strong>*<em>De esta forma se da cumplimiento a uno de los objetivos del Modelo Nacional de Polic\u00eda y Justicia C\u00edvica y del Servicio Profesional de Carrera Policial<\/em><\/strong>.<\/p>\n\n\n\n<p>Boca del R\u00edo, Ver.- El compromiso del Gobierno Municipal de Boca del R\u00edo, es fortalecer la profesionalizaci\u00f3n, certificaci\u00f3n y capacitaci\u00f3n de los elementos de la Polic\u00eda Municipal para dar mejores resultados en la seguridad de la ciudad, as\u00ed lo expres\u00f3 el Alcalde Juan Manuel Un\u00e1nue Abascal.<\/p>\n\n\n\n<p>Por ello, este lunes se realiz\u00f3 la entrega de reconocimientos a los elementos municipales por concluir satisfactoriamente el curso de Derechos Humanos impartido por la Academia Regional de Seguridad P\u00fablica del Sureste (ARSPS).<\/p>\n\n\n\n<p>\u201cEn mi gobierno no solo estamos preocupados por garantizar la seguridad, sino ocupados en hacer m\u00e1s con lo que tenemos, para poder fortalecer la seguridad en el municipio a trav\u00e9s de la preparaci\u00f3n de nuestros polic\u00edas y el cumplimiento a los ordenamientos legales correspondientes\u201d, destac\u00f3 el edil.<\/p>\n\n\n\n<p>Un\u00e1nue Abascal dijo que en la actualidad hablar de los derechos humanos es hablar de la importancia que tienen en el d\u00eda a d\u00eda, donde sociedad y funcionarios tienen una corresponsabilidad de que se respeten y se garanticen.<\/p>\n\n\n\n<p>Agreg\u00f3 que con la capacitaci\u00f3n finalizada se da cumplimiento a lo establecido por la Ley General del Sistema Nacional de Seguridad P\u00fablica, as\u00ed como la Ley del Sistema Estatal de Seguridad P\u00fablica para el Estado de Veracruz de Ignacio de la Llave.<\/p>\n\n\n\n<p>Cumpli\u00e9ndose adem\u00e1s con los lineamientos que marca el nuevo Modelo Nacional de Polic\u00eda y Justicia C\u00edvica y del Servicio Profesional de Carrera Policial.<\/p>\n\n\n\n<p>Asimismo, destac\u00f3 que desde el inicio de su gobierno se ha fortalecido el Programa de Capacitaci\u00f3n Continua que contempla la profesionalizaci\u00f3n, certificaci\u00f3n y capacitaci\u00f3n de los 111 elementos de seguridad p\u00fablica municipal.<\/p>\n\n\n\n<p>Por \u00faltimo, Juan Manuel Un\u00e1nue Abascal felicit\u00f3 a los elementos de la Polic\u00eda Municipal y tambi\u00e9n reconoci\u00f3 la profesionalizaci\u00f3n del personal especializado de la Academia Regional de Seguridad P\u00fablica del Sureste (ARSPS) quienes fueron los encargados de realizar esta capacitaci\u00f3n.<\/p>\n\n\n\n<p>Presentes en el acto protocolario estuvieron Judith Pineda Andrade, Secretaria del Ayuntamiento; el Director de Gobernaci\u00f3n Municipal, Raziel Vela Ycezaga y David Jurado Cruz, Director de la Polic\u00eda Municipal; Jorge Viveros Pasquel, Director de la Academia Regional de Seguridad P\u00fablica del Sureste y Mar\u00eda Rosaura Rica\u00f1o Escobar, Subdirectora de la Academia Regional de Seguridad P\u00fablica del Sureste.<\/p>\n","protected":false},"excerpt":{"rendered":"<p>*De esta forma se da cumplimiento a uno de los objetivos del Modelo Nacional de Polic\u00eda y Justicia C\u00edvica y del Servicio Profesional de Carrera Policial. Boca del R\u00edo, Ver.- El compromiso del Gobierno Municipal de Boca del R\u00edo, es fortalecer la profesionalizaci\u00f3n, certificaci\u00f3n y capacitaci\u00f3n de los elementos de la Polic\u00eda Municipal para dar [&hellip;]<\/p>\n","protected":false},"author":2476,"featured_media":43107,"comment_status":"open","ping_status":"open","sticky":false,"template":"","format":"standard","meta":{"_jetpack_memberships_contains_paid_content":false,"footnotes":""},"categories":[2],"tags":[],"class_list":["post-43106","post","type-post","status-publish","format-standard","has-post-thumbnail","hentry","category-estado"],"jetpack_featured_media_url":"https:\/\/encuentroinformativo.com.mx\/wp-content\/uploads\/2023\/07\/IMG-20230724-WA0066.jpg","jetpack_sharing_enabled":true,"jetpack_likes_enabled":true,"amp_enabled":true,"_links":{"self":[{"href":"https:\/\/encuentroinformativo.com.mx\/index.php?rest_route=\/wp\/v2\/posts\/43106","targetHints":{"allow":["GET"]}}],"collection":[{"href":"https:\/\/encuentroinformativo.com.mx\/index.php?rest_route=\/wp\/v2\/posts"}],"about":[{"href":"https:\/\/encuentroinformativo.com.mx\/index.php?rest_route=\/wp\/v2\/types\/post"}],"author":[{"embeddable":true,"href":"https:\/\/encuentroinformativo.com.mx\/index.php?rest_route=\/wp\/v2\/users\/2476"}],"replies":[{"embeddable":true,"href":"https:\/\/encuentroinformativo.com.mx\/index.php?rest_route=%2Fwp%2Fv2%2Fcomments&post=43106"}],"version-history":[{"count":1,"href":"https:\/\/encuentroinformativo.com.mx\/index.php?rest_route=\/wp\/v2\/posts\/43106\/revisions"}],"predecessor-version":[{"id":43108,"href":"https:\/\/encuentroinformativo.com.mx\/index.php?rest_route=\/wp\/v2\/posts\/43106\/revisions\/43108"}],"wp:featuredmedia":[{"embeddable":true,"href":"https:\/\/encuentroinformativo.com.mx\/index.php?rest_route=\/wp\/v2\/media\/43107"}],"wp:attachment":[{"href":"https:\/\/encuentroinformativo.com.mx\/index.php?rest_route=%2Fwp%2Fv2%2Fmedia&parent=43106"}],"wp:term":[{"taxonomy":"category","embeddable":true,"href":"https:\/\/encuentroinformativo.com.mx\/index.php?rest_route=%2Fwp%2Fv2%2Fcategories&post=43106"},{"taxonomy":"post_tag","embeddable":true,"href":"https:\/\/encuentroinformativo.com.mx\/index.php?rest_route=%2Fwp%2Fv2%2Ftags&post=43106"}],"curies":[{"name":"wp","href":"https:\/\/api.w.org\/{rel}","templated":true}]}}